{"id":39078,"date":"2019-12-11T22:09:49","date_gmt":"2019-12-11T21:09:49","guid":{"rendered":"https:\/\/www.messinaoggi.it\/website\/?p=39078"},"modified":"2019-12-11T22:09:49","modified_gmt":"2019-12-11T21:09:49","slug":"agente-penitenziario-sfregiato-al-volto-da-detenuto","status":"publish","type":"post","link":"https:\/\/www.messinaoggi.it\/website\/2019\/12\/11\/agente-penitenziario-sfregiato-al-volto-da-detenuto\/","title":{"rendered":"Barcellona, agente penitenziario sfregiato al volto da detenuto"},"content":{"rendered":"<p style=\"text-align: justify;\">Un gravissimo episodio si \u00e8 consumato nel carcere di Barcellona.\u00a0 A denunciare il grave atto \u00e8 stati Antonino Donato, dirigente del Sindacato autonomo polizia penitenziaria Sappe. &#8220;Un detenuto di nazionalit\u00e0 straniera di 35 anni del 3^ reparto, da circa un mese posto in isolamento precauzionale, si \u00e8 reso responsabile di aggressione ad un assistente capo coordinatore della polizia penitenziaria, sfregiandolo al volto con un oggetto contundente al punto che si \u00e8 reso necessario l&#8217;intervento del 118 ed \u00e8 stato accompagnato al locale pronto soccorso dove in primis gli sono stati applicati dei punti di sutura e tutt&#8217;ora in osservazione in attesa di altri esami strumentali tra i quali anche una Tac.<div id=\"div-gpt-ad-Messinaoggi.it-DSK-300x250-corpoart\" style=\"text-align:center;margin:0 auto;\"><\/div><\/p>\n<p style=\"text-align: justify;\">Il detenuto \u00e8 solito assumere certi atteggiamenti, in precedenza in altro istituto si \u00e8 reso responsabile del ferimento di un sovrintendente procurandogli delle ferite da taglio al ventre. A Barcellona, invece, si \u00e8 reso responsabile anche di sequestro di persona e minaccia nei confronti di un educatore e minaccia nei confronti del personale di polizia penitenziaria in pi\u00f9 occasioni.\u00a0\u00a0Piena vicinanza e solidariet\u00e0 al collega coinvolto in data odierna nella vicenda e si comunica che verranno prese dei provvedimenti forti da parte del Sappe, in prima l&#8217;interruzione di qualsiasi rapporto con l&#8217;amministrazione locale che sino adesso non ha saputo gestire determinate situazioni e si \u00e8 mostrata insensibile alle continue segnalazioni provenienti da pi\u00f9 parti. Chiederemo direttamente l&#8217;intervento del prefetto e del Capo del Dipartimento e cercheremo di organizzare dei presidi permanenti dinnanzi la struttura barcellonese\u201d.<div id=\"videoincontent\" style=\"clear:both\";><\/div><\/p>\n<p style=\"text-align: justify;\">Per il Segretario Generale del Sappe Donato Capece \u201cla situazione delle carceri siciliane \u00e8 diventata insostenibile.<\/p>\n<p style=\"text-align: justify;\">Il Sappe dice basta: i costanti e continui eventi critici che si verificano ogni giorno nelle carceri ne sono la pi\u00f9 evidente dimostrazione. Poliziotti aggrediti, feriti, sequestrati, contusi, insultati e offesi.<\/p>\n<p style=\"text-align: justify;\">E quel che denuncia il Sappe da tempo si sta clamorosamente confermando ogni giorno: ossia che la sicurezza interna delle carceri \u00e8 stata annientata da provvedimenti scellerati come la vigilanza dinamica e il regime aperto, l\u2019aver tolto le sentinelle della polizia penitenziaria di sorveglianza dalle mura di cinta delle carceri, la mancanza di personale \u2013 servono almeno 8.000 nuovi Agenti rispetto al previsto -, il mancato finanziamento per i servizi anti intrusione e anti scavalcamento&#8221;.<\/p>\n","protected":false},"excerpt":{"rendered":"<p>Un gravissimo episodio si \u00e8 consumato nel carcere di Barcellona.\u00a0 A denunciare il grave atto \u00e8 stati Antonino Donato, dirigente del Sindacato autonomo polizia penitenziaria Sappe. &#8220;Un detenuto di nazionalit\u00e0 straniera di 35 anni del 3^ reparto, da circa un mese posto in isolamento precauzionale, si \u00e8 reso responsabile di aggressione ad un assistente capo [&hellip;]<\/p>\n","protected":false},"author":4,"featured_media":15545,"comment_status":"closed","ping_status":"open","sticky":false,"template":"","format":"standard","meta":{"ub_ctt_via":"","_mi_skip_tracking":false},"categories":[6],"tags":[],"featured_image_src":"https:\/\/www.messinaoggi.it\/website\/wp-content\/uploads\/2018\/02\/carcere-barcellona-1.jpg","author_info":{"display_name":"redme","author_link":"https:\/\/www.messinaoggi.it\/website\/author\/redme\/"},"digistream_id":0,"digistream":false,"_links":{"self":[{"href":"https:\/\/www.messinaoggi.it\/website\/wp-json\/wp\/v2\/posts\/39078"}],"collection":[{"href":"https:\/\/www.messinaoggi.it\/website\/wp-json\/wp\/v2\/posts"}],"about":[{"href":"https:\/\/www.messinaoggi.it\/website\/wp-json\/wp\/v2\/types\/post"}],"author":[{"embeddable":true,"href":"https:\/\/www.messinaoggi.it\/website\/wp-json\/wp\/v2\/users\/4"}],"replies":[{"embeddable":true,"href":"https:\/\/www.messinaoggi.it\/website\/wp-json\/wp\/v2\/comments?post=39078"}],"version-history":[{"count":0,"href":"https:\/\/www.messinaoggi.it\/website\/wp-json\/wp\/v2\/posts\/39078\/revisions"}],"wp:featuredmedia":[{"embeddable":true,"href":"https:\/\/www.messinaoggi.it\/website\/wp-json\/wp\/v2\/media\/15545"}],"wp:attachment":[{"href":"https:\/\/www.messinaoggi.it\/website\/wp-json\/wp\/v2\/media?parent=39078"}],"wp:term":[{"taxonomy":"category","embeddable":true,"href":"https:\/\/www.messinaoggi.it\/website\/wp-json\/wp\/v2\/categories?post=39078"},{"taxonomy":"post_tag","embeddable":true,"href":"https:\/\/www.messinaoggi.it\/website\/wp-json\/wp\/v2\/tags?post=39078"}],"curies":[{"name":"wp","href":"https:\/\/api.w.org\/{rel}","templated":true}]}}