{"id":39028,"date":"2019-12-09T13:13:07","date_gmt":"2019-12-09T12:13:07","guid":{"rendered":"https:\/\/www.messinaoggi.it\/website\/?p=39028"},"modified":"2019-12-09T13:13:07","modified_gmt":"2019-12-09T12:13:07","slug":"secondo-palazzo-di-giustizia-nuova-seduta-in-commissione","status":"publish","type":"post","link":"https:\/\/www.messinaoggi.it\/website\/2019\/12\/09\/secondo-palazzo-di-giustizia-nuova-seduta-in-commissione\/","title":{"rendered":"Secondo Palazzo di Giustizia, nuova seduta in Commissione"},"content":{"rendered":"<p>Nuova importante seduta oggi della Commissione lavori pubblici, presieduta dal consigliere Libero Gioveni, sull&#8217;annosa e delicata questione del secondo Palazzo di Giustizia, dopo l&#8217;ultima seduta dello scorso 5 agosto che era stata convocata in virt\u00f9 dell&#8217;audizione dello scorso 23 luglio a Roma al Ministero della Giustizia del sindaco De Luca e del vicesindaco Mondello (quest&#8217;ultimo presente stamani in Aula).<br \/>\nPresenti anche autorevoli esponenti del mondo della Giustizia, come la Presidente della Sezione Distrettuale di Messina dell&#8217;Associazione Nazionale Magistrati giudice dott.ssa Maria Militello, il vicepresidente dell&#8217;Ordine degli Avvocati Maria Flavia Timbro, il Presidente di AIGA Messina Ernesto Marcian\u00f2, nonch\u00e9 il rappresentante sindacale di CONFSAL UNSA Eriberto Zangla.<br \/>\n\u201cIl vicesindaco Mondello &#8211; spiega Gioveni &#8211; ha chiarito che a seguito dell&#8217;insediamento del nuovo Governo, l&#8217;Amministrazione in data 21 ottobre ha trasmesso una nota al Ministero della Difesa con la quale ha chiesto sia la convocazione di un tavolo tecnico, sia la revoca dell&#8217;ancora vigente protocollo d&#8217;intesa che prevede la realizzazione del secondo tribunale all&#8217;interno della caserma Scagliosi di viale Europa.<br \/>\n\u201cLa dottoressa Militello invece &#8211; prosegue il presidente &#8211; ritenendo che non si possa perdere pi\u00f9 tempo, ha auspicato che vengano chiariti i tempi che occorrono per la revoca del protocollo, evidenziando altres\u00ec il fatto che l&#8217;ipotesi di trasferire il solo tribunale civile nella facolt\u00e0 di Farmacia non pu\u00f2 risolvere del tutto il problema. Il sindacalista di settore Zangla, al contrario della volont\u00e0 dell&#8217;Amministrazione, ritiene invece che si debba perseguire l&#8217;obiettivo del protocollo, chiedendo per\u00f2 di implementare le risorse attualmente disponibili (16 milioni di euro). Anche l&#8217;AIGA auspica una convergenza sulla scelta del sito, che non necessariamente debba essere l&#8217;attuale sede della &#8220;citt\u00e0 del ragazzo&#8221;, ipotesi pensata inizialmente dalla stessa associazione dei giovani avvocati.<br \/>\n\u201cInfine &#8211; conclude Gioveni &#8211; la Commissione (che certamente continuer\u00e0 a vigilare sulla vicenda e che si riaggiorner\u00e0 una volta avuto riscontro dal Ministero della nota del 21 ottobre) si \u00e8 determinata nel chiedere all&#8217;Amministrazione la convocazione di un tavolo tecnico cittadino con tutti i soggetti istituzionali interessati (che esula da quello ministeriale), al fine di proporre definitivamente una soluzione certa e condivisa al Ministero\u201d.<div id=\"div-gpt-ad-Messinaoggi.it-DSK-300x250-corpoart\" style=\"text-align:center;margin:0 auto;\"><\/div><\/p>\n<div id=\"videoincontent\" style=\"clear:both\";><\/div>","protected":false},"excerpt":{"rendered":"<p>Nuova importante seduta oggi della Commissione lavori pubblici, presieduta dal consigliere Libero Gioveni, sull&#8217;annosa e delicata questione del secondo Palazzo di Giustizia, dopo l&#8217;ultima seduta dello scorso 5 agosto che era stata convocata in virt\u00f9 dell&#8217;audizione dello scorso 23 luglio a Roma al Ministero della Giustizia del sindaco De Luca e del vicesindaco Mondello (quest&#8217;ultimo [&hellip;]<\/p>\n","protected":false},"author":8,"featured_media":39029,"comment_status":"closed","ping_status":"open","sticky":false,"template":"","format":"standard","meta":{"ub_ctt_via":"","_mi_skip_tracking":false},"categories":[4],"tags":[],"featured_image_src":"https:\/\/www.messinaoggi.it\/website\/wp-content\/uploads\/2019\/12\/commissione-lavori-pubblici-su-secondo-palazzo-di-giustizia.jpg","author_info":{"display_name":"red..me","author_link":"https:\/\/www.messinaoggi.it\/website\/author\/redstage\/"},"digistream_id":0,"digistream":false,"_links":{"self":[{"href":"https:\/\/www.messinaoggi.it\/website\/wp-json\/wp\/v2\/posts\/39028"}],"collection":[{"href":"https:\/\/www.messinaoggi.it\/website\/wp-json\/wp\/v2\/posts"}],"about":[{"href":"https:\/\/www.messinaoggi.it\/website\/wp-json\/wp\/v2\/types\/post"}],"author":[{"embeddable":true,"href":"https:\/\/www.messinaoggi.it\/website\/wp-json\/wp\/v2\/users\/8"}],"replies":[{"embeddable":true,"href":"https:\/\/www.messinaoggi.it\/website\/wp-json\/wp\/v2\/comments?post=39028"}],"version-history":[{"count":0,"href":"https:\/\/www.messinaoggi.it\/website\/wp-json\/wp\/v2\/posts\/39028\/revisions"}],"wp:featuredmedia":[{"embeddable":true,"href":"https:\/\/www.messinaoggi.it\/website\/wp-json\/wp\/v2\/media\/39029"}],"wp:attachment":[{"href":"https:\/\/www.messinaoggi.it\/website\/wp-json\/wp\/v2\/media?parent=39028"}],"wp:term":[{"taxonomy":"category","embeddable":true,"href":"https:\/\/www.messinaoggi.it\/website\/wp-json\/wp\/v2\/categories?post=39028"},{"taxonomy":"post_tag","embeddable":true,"href":"https:\/\/www.messinaoggi.it\/website\/wp-json\/wp\/v2\/tags?post=39028"}],"curies":[{"name":"wp","href":"https:\/\/api.w.org\/{rel}","templated":true}]}}