{"id":38996,"date":"2019-12-07T12:13:30","date_gmt":"2019-12-07T11:13:30","guid":{"rendered":"https:\/\/www.messinaoggi.it\/website\/?p=38996"},"modified":"2019-12-07T12:13:30","modified_gmt":"2019-12-07T11:13:30","slug":"disabile-disturba-vicini-allontanata-famiglia-maria-grazia-cucinotta-solleva-il-caso","status":"publish","type":"post","link":"https:\/\/www.messinaoggi.it\/website\/2019\/12\/07\/disabile-disturba-vicini-allontanata-famiglia-maria-grazia-cucinotta-solleva-il-caso\/","title":{"rendered":"Disabile disturba vicini, allontanata famiglia. Maria Grazia Cucinotta solleva il caso"},"content":{"rendered":"<p>E&#8217; incredibile che un ragazzino di 13 anni, affetto da Adhd, una grave sindrome psichica, sia stato allontanato dalla propria abitazione per decisione della magistratura, che ha disposto un provvedimento cautelare nei confronti dei genitori, costringendo la famiglia a traslocare. Questo perch\u00e9 il ragazzino avrebbe disturbato i vicini di casa con i suoi comportamenti. Una vicenda che provoca ulteriori traumi al minore, assolutamente innocuo\u201d.<br \/>\nIl caso \u00e8 raccontato \u00a0dall\u2019attrice Maria Grazia Cucinotta, che conosce bene il ragazzo di Messina, i suoi genitori Roberto e Veronica e la sorella di otto anni, per essersene occupata con la sua associazione che difende i minori vittime di atti di bullismo. Il provvedimento del Gip \u2013 al quale la Procura aveva chiesto la custodia cautelare in carcere per pap\u00e0 e mamma del disabile \u2013 risale a una settimana fa e l\u2019avvocato della famiglia, Nino Favazzo, ha fatto ricorso al Tribunale della libert\u00e0 che ha fissato l\u2019udienza per luned\u00ec prossimo.<br \/>\nSecondo la Procura, \u201cil Gip ha emesso un provvedimento di divieto di avvicinamento a carico della coppia perch\u00e9 gravemente indiziata del reato di stalking nei confronti di alcuni vicini di casa. Nessun riferimento riguardava presunte disabilit\u00e0 del minorenne figlio della coppia indagata.<br \/>\nLe condotte persecutorie sono imputate solo ai genitori e sono state ritenute gravi perch\u00e9 ripetute nel tempo in modo ossessivo\u201d.<br \/>\nMa l\u2019attrice, che da tempo aiuta la famiglia del disabile, la pensa diversamente: \u201cIl provvedimento \u2013 dice \u2013 \u00e8 stato adottato perch\u00e9 la coppia di vicini, dicendosi esasperata dal comportamento del ragazzo, ha presentato denunce nei confronti dei genitori. Il giudice, oltre a stabilire l\u2019allontanamento, ha addirittura deciso di applicare il braccialetto elettronico agli indagati per dissuaderli dall\u2019avvicinarsi all\u2019abitazione. Raffaele ha tenuto comportamenti assolutamente innocenti, come suonare qualche volta il campanello dei vicini. Non ha lanciato oggetti pericolosi, come hanno dichiarato loro. E\u2019 vero che ha avuto delle crisi, legate alla sua patologia, ma non ha mai aggredito nessuno. A differenza delle persone che si sono rivolte alla magistratura, che, invece, in un\u2019occasione l\u2019hanno schiaffeggiato procurandogli lesioni e, nonostante si trattasse di un minore, l\u2019hanno ripetutamente filmato, al solo fine di evidenziarne i comportamenti anomali\u201d.<br \/>\n\u201cLa famiglia di Raffaele \u00e8 stremata e questo provvedimento aggrava la loro situazione. Ora sono ospitati da parenti. Quello che soffre di pi\u00f9 \u00e8 Raffaele, che non riesce ad abituarsi a vivere lontano da casa. Faccio un appello ai magistrati \u2013 sottolinea la Cucinotta \u2013 affinch\u00e9 riesaminino il caso\u201d.<br \/>\n\u201cDa anni mi occupo di casi di violenza di genere e bullismo e non ho mai visto un provvedimento cos\u00ec ingiusto e crudele nei confronti di un giovane condannato all\u2019esilio forzato. Mi strazia il cuore vedere soffrire Raffaele \u2013 conclude l\u2019attrice \u2013 e sapere che i suoi genitori sono trattati come criminali da controllare con i braccialetti elettronici\u201d.<br \/>\nDi parere opposto il legale della famiglia che si \u00e8 rivolta alla magistratura, l\u2019avv. Marco Di Mauro: \u201cI miei assistiti da oltre due anni sono vittime delle condotte vessatorie dei genitori del piccolo, incapaci di gestire al meglio la disabilit\u00e0 del figlio\u201d.<br \/>\nI figli dei querelanti, anche loro minori, \u201cvivono nel terrore\u201d, spiega l\u2019avvocato che stigmatizza l\u2019iniziativa dell\u2019attrice Maria Grazia Cucinotta: \u201cha omesso di parlare -dei pedinamenti e lanci di oggetti posti in essere dalla famiglia\u201d.<div id=\"div-gpt-ad-Messinaoggi.it-DSK-300x250-corpoart\" style=\"text-align:center;margin:0 auto;\"><\/div><\/p>\n<div id=\"videoincontent\" style=\"clear:both\";><\/div>","protected":false},"excerpt":{"rendered":"<p>E&#8217; incredibile che un ragazzino di 13 anni, affetto da Adhd, una grave sindrome psichica, sia stato allontanato dalla propria abitazione per decisione della magistratura, che ha disposto un provvedimento cautelare nei confronti dei genitori, costringendo la famiglia a traslocare. Questo perch\u00e9 il ragazzino avrebbe disturbato i vicini di casa con i suoi comportamenti. Una [&hellip;]<\/p>\n","protected":false},"author":4,"featured_media":4713,"comment_status":"closed","ping_status":"open","sticky":false,"template":"","format":"standard","meta":{"ub_ctt_via":"","_mi_skip_tracking":false},"categories":[6],"tags":[],"featured_image_src":"https:\/\/www.messinaoggi.it\/website\/wp-content\/uploads\/2017\/07\/mariagraziacucinotta-2.jpg","author_info":{"display_name":"redme","author_link":"https:\/\/www.messinaoggi.it\/website\/author\/redme\/"},"digistream_id":0,"digistream":false,"_links":{"self":[{"href":"https:\/\/www.messinaoggi.it\/website\/wp-json\/wp\/v2\/posts\/38996"}],"collection":[{"href":"https:\/\/www.messinaoggi.it\/website\/wp-json\/wp\/v2\/posts"}],"about":[{"href":"https:\/\/www.messinaoggi.it\/website\/wp-json\/wp\/v2\/types\/post"}],"author":[{"embeddable":true,"href":"https:\/\/www.messinaoggi.it\/website\/wp-json\/wp\/v2\/users\/4"}],"replies":[{"embeddable":true,"href":"https:\/\/www.messinaoggi.it\/website\/wp-json\/wp\/v2\/comments?post=38996"}],"version-history":[{"count":0,"href":"https:\/\/www.messinaoggi.it\/website\/wp-json\/wp\/v2\/posts\/38996\/revisions"}],"wp:featuredmedia":[{"embeddable":true,"href":"https:\/\/www.messinaoggi.it\/website\/wp-json\/wp\/v2\/media\/4713"}],"wp:attachment":[{"href":"https:\/\/www.messinaoggi.it\/website\/wp-json\/wp\/v2\/media?parent=38996"}],"wp:term":[{"taxonomy":"category","embeddable":true,"href":"https:\/\/www.messinaoggi.it\/website\/wp-json\/wp\/v2\/categories?post=38996"},{"taxonomy":"post_tag","embeddable":true,"href":"https:\/\/www.messinaoggi.it\/website\/wp-json\/wp\/v2\/tags?post=38996"}],"curies":[{"name":"wp","href":"https:\/\/api.w.org\/{rel}","templated":true}]}}