{"id":38990,"date":"2019-12-07T23:14:39","date_gmt":"2019-12-07T22:14:39","guid":{"rendered":"https:\/\/www.messinaoggi.it\/website\/?p=38990"},"modified":"2019-12-07T23:14:39","modified_gmt":"2019-12-07T22:14:39","slug":"natale-2019-da-oggi-sino-al-6-oltre-200-iniziative-in-tutta-la-citta","status":"publish","type":"post","link":"https:\/\/www.messinaoggi.it\/website\/2019\/12\/07\/natale-2019-da-oggi-sino-al-6-oltre-200-iniziative-in-tutta-la-citta\/","title":{"rendered":"Piazza Cairoli in festa, start agli eventi natalizi.  IL CALENDARIO"},"content":{"rendered":"<p>Un sabato speciale, festoso e colorato ha salutato l&#8217;accensione del grande albero a piazza Cairoli che ha di fatto aperto le manifestazioni natalizie.<br \/>\n<img loading=\"lazy\" class=\"alignnone size-medium wp-image-39010\" src=\"https:\/\/www.messinaoggi.it\/website\/wp-content\/uploads\/2019\/12\/IMG-20191207-WA0040-300x225.jpg\" alt=\"\" width=\"300\" height=\"225\" \/><br \/>\nMessina incentro ed in festa per un programma ricco di eventi, stiamo parlando di quasi quaranta giorni durante i quali si terranno oltre 200 iniziative in ogni parte della citt\u00e0, dal centro ai villaggi.<br \/>\n<img loading=\"lazy\" class=\"alignnone size-medium wp-image-39011\" src=\"https:\/\/www.messinaoggi.it\/website\/wp-content\/uploads\/2019\/12\/IMG-20191207-WA0052-300x225.jpg\" alt=\"\" width=\"300\" height=\"225\" \/><br \/>\nStart delle manifestazioni natalizie affidato al sindaco De Luca, apparso sorridente e soddisfatto.<br \/>\n<img loading=\"lazy\" class=\"alignnone size-medium wp-image-39012\" src=\"https:\/\/www.messinaoggi.it\/website\/wp-content\/uploads\/2019\/12\/IMG-20191207-WA0045-300x225.jpg\" alt=\"\" width=\"300\" height=\"225\" \/><div id=\"div-gpt-ad-Messinaoggi.it-DSK-300x250-corpoart\" style=\"text-align:center;margin:0 auto;\"><\/div><\/p>\n<p style=\"text-align: justify;\"><strong>Presentazione in grande stile. <\/strong>Presenti all\u2019incontro il sindaco Cateno De Luca, gli assessori alle Attivit\u00e0 produttive Dafne Musolino, alla Cultura Enzo Caruso, allo Spettacolo e alle tradizioni popolari Giuseppe Scattareggia,d alle Politiche sociali Alessandra Calafiore, alla Protezione civile Massimiliano Minutoli e alla Pubblica istruzione Roberto Vincenzo Trimarchi, oltre che alcuni degli imprenditori che hanno collaborato alla realizzazione degli eventi, vale a dire l\u2019ingegner Vincenzo Franza, Carmelo Picciotto, Domenico Rinaldi, Sandro Penna e Lino Santoro.<div id=\"videoincontent\" style=\"clear:both\";><\/div><\/p>\n<p style=\"text-align: justify;\"><strong>De Luca plaude al lavoro di squadra.<\/strong><\/p>\n<p style=\"text-align: justify;\">\u201c<em>Sono soddisfatto <\/em>\u2013 ha dichiarato il sindaco De Luca \u2013<em> per la sinergia con tutte le associazioni e le istituzioni, che ringrazio. \u00c8 un cartellone che riguarda l\u2019intera citt\u00e0 e quindi anche i nostri villaggi, e per questo rivolgo un plauso anche ai presidenti delle sei circoscrizioni. Presentiamo le attivit\u00e0 complessive, oltre 200 iniziative, che rappresentano ci\u00f2 che ho chiesto agli assessori della mia Giunta, cio\u00e8 lavorare in sinergia per un\u2019unica piattaforma. Si \u00e8 arrivati ad una programmazione complessiva anche d\u2019intesa con altre istituzioni come l\u2019Ente Teatro, il Conservatorio Corelli, organizzazioni e associazioni che ogni anno si impegnano per dare un segnale di presenza in occasione del Natale. In tale contesto si inseriscono le iniziative specifiche che gi\u00e0 sono partite o stanno per partire a piazza Duomo ed a piazza Cairoli, e voglio ringraziare gli imprenditori e le associazioni che stanno facendo uno sforzo in pi\u00f9, da me richiesto. Cinque manifestazioni per Natale sono gi\u00e0 iniziate e si concluderanno a gennaio. Parliamo di quasi quaranta giorni di intense attivit\u00e0 per le quali l\u2019Amministrazione ha destinato complessivamente 100 mila euro, cercando di essere parsimoniosi, com\u2019\u00e8 nostra abitudine, pur essendo ormai in dirittura di arrivo sul fronte della sistemazione dei nostri conti<\/em>\u201d.<\/p>\n<h5 style=\"text-align: left;\">Gli eventi<\/h5>\n<ul style=\"text-align: left;\">\n<li>07-08 Dicembre \u2013 Dona un Giocattolo Dona un Sorriso Piazza Duomo<br \/>\n07-08 Dicembre \u2013 Viviamo Via Laudamo Via Laudamo<br \/>\n07-08 Dicembre \u2013 Il Natale al Casale del Faro Faro Superiore<\/li>\n<li>08 Dicembre \u2013 Inaugurazione Max Presepe Artigianale Piazza Duomo<br \/>\n08 Dicembre \u2013 Festa con il Piccolo Dylan C. C. Tremestieri<br \/>\n08 Dicembre \u2013 Festa S.S. Immacolata Contesse<br \/>\n08 Dicembre \u2013 Natale a Larderia Larderia<br \/>\n08 Dicembre \u2013 Inaugurazione Presepe Artigianale Piazza Cairoli<\/li>\n<li>09 Dicembre \u2013 Duo Zampogna e Tamburello Vie del Centro<\/li>\n<li>10 Dicembre \u2013 Duo Zampogna e Tamburello Vie del Centro<\/li>\n<li>12 Dicembre \u2013 Duo Zampogna e Tamburello Madonna della Mercede<br \/>\n12 Dicembre \u2013 Sfilata per la Mensa di S. Antonio Palacultura<\/li>\n<li>13 Dicembre \u2013 Festa S. Lucia M. e V. Santa Lucia s. Contesse<\/li>\n<li>14 Dicembre \u2013 Spettacolo di Cabaret con Stello Tomasello Piazza Cairoli<br \/>\n14 Dicembre \u2013 1\u00b0 Trofeo Open di Body Building Palacultura<br \/>\n14 Dicembre \u2013 Spettacolo del Fuoco C. C. Tremestieri<\/li>\n<li>14-15 Dicembre \u2013 Il Natale al Casale del Faro Faro Superiore<\/li>\n<li>15 Dicembre \u2013 Magico Natale Galati Marina<br \/>\n15 Dicembre \u2013 Gaudemus in Domino Ges\u00f9 e Maria delle Trombe<br \/>\n15 Dicembre \u2013 Christmas Motor Show Piazza Duomo<\/li>\n<li>16 Dicembre &#8211; Coro San Nicol\u00f2 Santa Maria Alemanna<\/li>\n<li>17 Dicembre \u2013 Coro Mazzini\/Gallo Teatro Vittorio Emanuele<br \/>\n17 Dicembre \u2013 Inaugurazione Sfere Galleria V.E.<br \/>\n17 Dicembre \u2013 Folk &amp; Tombolata Bordonaro<\/li>\n<li>18 Dicembre \u2013 Massimo Kid Orchestra Teatro Vittorio Emanuele<br \/>\n18 Dicembre \u2013 Trio Simphony Palazzo Zanca<br \/>\n18 Dicembre \u2013 Sfilata Brigata Aosta Vie del Centro<br \/>\n18 Dicembre &#8211; Mexica Saxofone Quartet Galleria V.E.<\/li>\n<li>19 Dicembre \u2013 Concerto di Natale Orchestra Corelli Duomo<br \/>\n19 Dicembre \u2013 Missione Kenya Palacultura<br \/>\n19 Dicembre \u2013 Concerto Coro Aninis Chiesa di San Giuliano<br \/>\n19 Dicembre \u2013 Natale a Casa Pascoli Piazza Don Fano<\/li>\n<li>19-24 Dicembre \u2013 Concertini Natalizi Vie del Centro<br \/>\n19-24 Dicembre \u2013 Concertini Natalizi Vie del Centro<\/li>\n<li>20-24 Dicembre \u2013 Gruppo Zampogne Peloritane Vie del Centro<br \/>\n20-24 Dicembre \u2013 Le Novene dello Zampognaro Vie del Centro<\/li>\n<li>20 Dicembre \u2013 I Cantustrittu Chiesa S. Giovanni di Malta<br \/>\n20 Dicembre \u2013 Coro Eugenio Arena Chiesa del Carmine<br \/>\n20 Dicembre \u2013 Fanfara dei Bersaglieri Vie del Centro<br \/>\n20 Dicembre \u2013 The Jackson\u2019s Pipes Band Vie del Centro<\/li>\n<li>21 Dicembre \u2013 Le Magie del Natale Contesse<br \/>\n21 Dicembre \u2013 Il Villaggio di Natale Villa Lina<br \/>\n21 Dicembre \u2013 Natale in Carrozza Vie del Centro<br \/>\n21 Dicembre \u2013 Cantando il Natale Casa Serena<\/li>\n<li>21-22 Dicembre \u2013 Il Natale al Casale del Faro Faro Superiore<\/li>\n<li>22 Dicembre &#8211; Note Colorate Palazzo Zanca<br \/>\n22 Dicembre &#8211; Coro La Palestrina Chiesa dei Catalani<br \/>\n22 Dicembre \u2013 Il Villaggio di Natale Villa Lina<\/li>\n<li>23 Dicembre \u2013 Il Natale e le Tradizioni Popolari Palacultura<br \/>\n23 Dicembre \u2013 Concerto Coro Maurolico Camera di Commercio<br \/>\n23 Dicembre \u2013 Natale in Carrozza Vie del Centro<br \/>\n23 Dicembre &#8211; Opale Accordion Quartet Galleria V.E.<\/li>\n<li>24 Dicembre \u2013 Processione del Bambinello S. Francesco dell\u2019Immacolata<br \/>\n24 Dicembre \u2013 Processione del Bambinello Bordonaro<\/li>\n<li>26 Dicembre \u2013 Notte Disiata Chiesa Santa Caterina<\/li>\n<li>26-28 Dicembre \u2013 Natale a Larderia Larderia<\/li>\n<li>27 Dicembre \u2013 Notte Funesta Palacultura<br \/>\n27 Dicembre \u2013 Deragli \u201cCover Zucchero Fornaciari\u201d Galleria V.E.<\/li>\n<li>28 Dicembre \u2013 Paride Acacia Piazza Cairoli<br \/>\n28 Dicembre \u2013 I Cantustrittu Mili San Pietro<br \/>\n28 Dicembre \u2013 Cantando il Natale Madonna della Mercede<\/li>\n<li>28\/29 Dicembre \u2013 Il Natale al Casale del Faro Faro Superiore<\/li>\n<li>31 Dicembre \u2013 Dj Set con Leo Leppolis &amp; Company Piazza Duomo<\/li>\n<li>1 Gennaio \u2013 Concerto di Caponno e Comizio Sindaco De Luca Piazza Duomo<br \/>\n1 Gennaio \u2013 Concerto di Capodanno Teatro Vittorio Emanuele<\/li>\n<li>2 Gennaio &#8211; Il Natale e le Tradizioni Santuario Sant\u2019Antonio<\/li>\n<li>3 Gennaio \u2013 Banda Santa Cecilia Santo Stefano Media<\/li>\n<li>4 Gennaio \u2013 CDR Music + Centro Formazione Danza Galleria V.E.<br \/>\n4 Gennaio \u2013 Il Natale al Casale del Faro Faro Superiore<\/li>\n<li>5 Gennaio \u2013 I Cori dei Piccoli \u201cProgetto Suono\u201d Piazza Duomo<br \/>\n5 Gennaio \u2013 Arrivano i Re Magi a Cavallo Piazza Duomo<br \/>\n5 Gennaio \u2013 Spettacolo Popolare Itinerante Bordonaro<\/li>\n<li>5-6 Gennaio \u2013 La Befana dei Vigili del Fuoco Piazza Duomo<\/li>\n<li>6 Gennaio &#8211; Magical Dreams &amp; Salvin Piazza Cairoli<br \/>\n6 Gennaio \u2013 U Pagghiaru Bordonaro<br \/>\n6 Gennaio \u2013 Cavalcata Storia dei Cavalieri della Stella Vie del Centro<\/li>\n<\/ul>\n<p style=\"text-align: left;\">\n","protected":false},"excerpt":{"rendered":"<p>Un sabato speciale, festoso e colorato ha salutato l&#8217;accensione del grande albero a piazza Cairoli che ha di fatto aperto le manifestazioni natalizie. Messina incentro ed in festa per un programma ricco di eventi, stiamo parlando di quasi quaranta giorni durante i quali si terranno oltre 200 iniziative in ogni parte della citt\u00e0, dal centro [&hellip;]<\/p>\n","protected":false},"author":8,"featured_media":39009,"comment_status":"closed","ping_status":"open","sticky":false,"template":"","format":"standard","meta":{"ub_ctt_via":"","_mi_skip_tracking":false},"categories":[6],"tags":[],"featured_image_src":"https:\/\/www.messinaoggi.it\/website\/wp-content\/uploads\/2019\/12\/IMG-20191207-WA0066.jpg","author_info":{"display_name":"red..me","author_link":"https:\/\/www.messinaoggi.it\/website\/author\/redstage\/"},"digistream_id":0,"digistream":false,"_links":{"self":[{"href":"https:\/\/www.messinaoggi.it\/website\/wp-json\/wp\/v2\/posts\/38990"}],"collection":[{"href":"https:\/\/www.messinaoggi.it\/website\/wp-json\/wp\/v2\/posts"}],"about":[{"href":"https:\/\/www.messinaoggi.it\/website\/wp-json\/wp\/v2\/types\/post"}],"author":[{"embeddable":true,"href":"https:\/\/www.messinaoggi.it\/website\/wp-json\/wp\/v2\/users\/8"}],"replies":[{"embeddable":true,"href":"https:\/\/www.messinaoggi.it\/website\/wp-json\/wp\/v2\/comments?post=38990"}],"version-history":[{"count":0,"href":"https:\/\/www.messinaoggi.it\/website\/wp-json\/wp\/v2\/posts\/38990\/revisions"}],"wp:featuredmedia":[{"embeddable":true,"href":"https:\/\/www.messinaoggi.it\/website\/wp-json\/wp\/v2\/media\/39009"}],"wp:attachment":[{"href":"https:\/\/www.messinaoggi.it\/website\/wp-json\/wp\/v2\/media?parent=38990"}],"wp:term":[{"taxonomy":"category","embeddable":true,"href":"https:\/\/www.messinaoggi.it\/website\/wp-json\/wp\/v2\/categories?post=38990"},{"taxonomy":"post_tag","embeddable":true,"href":"https:\/\/www.messinaoggi.it\/website\/wp-json\/wp\/v2\/tags?post=38990"}],"curies":[{"name":"wp","href":"https:\/\/api.w.org\/{rel}","templated":true}]}}