{"id":38989,"date":"2019-12-07T11:14:46","date_gmt":"2019-12-07T10:14:46","guid":{"rendered":"https:\/\/www.messinaoggi.it\/website\/?p=38989"},"modified":"2019-12-07T11:14:46","modified_gmt":"2019-12-07T10:14:46","slug":"la-fontana-di-piazza-repubblica-e-di-nuovo-in-funzione","status":"publish","type":"post","link":"https:\/\/www.messinaoggi.it\/website\/2019\/12\/07\/la-fontana-di-piazza-repubblica-e-di-nuovo-in-funzione\/","title":{"rendered":"La fontana di Piazza Repubblica \u00e8 di nuovo in funzione"},"content":{"rendered":"<p style=\"text-align: justify\">Ieri sera si \u00e8 tenuta l\u2019inaugurazione della fontana di Piazza Repubblica, da tempo spenta e abbandonata a s\u00e9 e adesso completamente riqualificata. Infatti, la fontana \u00e8 stata adottata nei mesi scorsi da Amam, che promise di ripristinarne il funzionamento e sistemarne il prato attorno nel pi\u00f9 breve tempo possibile. &#8220;<em>Un grazie al presidente di Amam Salvo Puccio, al Cda Loredana Bonasera e Roberto Cicala, nonch\u00e9 a tutto il personale di Amam che ha mantenuto la promessa di adottare la fontana di Piazza Repubblica<\/em>&#8220;, ha dichiarato al riguardo il sindaco Cateno De Luca, che poi ha aggiunto: &#8220;<em>La fontana ha ripreso nuovamente a funzionare nel suo insieme con giochi di acqua e luci. Inoltre, il prato intorno alla fontana \u00e8 stato sistemato con un telo e ghiaietto e una ornamentazione di piante che ne definisce il perimetro<\/em>&#8220;. A seguito dei lavori di riqualificazione, si \u00e8 deciso altres\u00ec di accompagnare la fontana con una grande scritta recante il nome della citt\u00e0, che funger\u00e0 da oggetto di scenografia per foto ricordo, cos\u00ec come ci ha tenuto a precisare lo stesso primo cittadino.<div id=\"div-gpt-ad-Messinaoggi.it-DSK-300x250-corpoart\" style=\"text-align:center;margin:0 auto;\"><\/div><\/p>\n<p><a href=\"https:\/\/www.messinaoggi.it\/website\/wp-content\/uploads\/2019\/12\/fontana-piazza-repubblica.jpg\"><img loading=\"lazy\" class=\"alignnone size-full wp-image-38993\" src=\"https:\/\/www.messinaoggi.it\/website\/wp-content\/uploads\/2019\/12\/fontana-piazza-repubblica.jpg\" alt=\"\" width=\"960\" height=\"720\" \/><\/a><div id=\"videoincontent\" style=\"clear:both\";><\/div><\/p>\n<p style=\"text-align: justify\">&#8220;<em>Non tutti sanno che la fontana \u00e8 stata collocata qui dopo la Seconda guerra mondiale utilizzando pezzi di un\u2019altra fontana esistente nell\u2019antica Piazza Cavallotti.<\/em> &#8211; ha spiegato De Luca &#8211; <em>Questa fontana \u00e8 opera dall\u2019ingegnere capo del Comune Leandro Caselli per celebrare la realizzazione dell\u2019acquedotto cittadino nel 1902. \u00c8 quindi giusto che Amam, con le sole professionalit\u00e0 interne, l&#8217;abbia riportata all&#8217;antico splendore<\/em>&#8220;.<\/p>\n","protected":false},"excerpt":{"rendered":"<p>Ieri sera si \u00e8 tenuta l\u2019inaugurazione della fontana di Piazza Repubblica, da tempo spenta e abbandonata a s\u00e9 e adesso completamente riqualificata. Infatti, la fontana \u00e8 stata adottata nei mesi scorsi da Amam, che promise di ripristinarne il funzionamento e sistemarne il prato attorno nel pi\u00f9 breve tempo possibile. &#8220;Un grazie al presidente di Amam [&hellip;]<\/p>\n","protected":false},"author":8,"featured_media":38994,"comment_status":"closed","ping_status":"open","sticky":false,"template":"","format":"standard","meta":{"ub_ctt_via":"","_mi_skip_tracking":false},"categories":[6],"tags":[],"featured_image_src":"https:\/\/www.messinaoggi.it\/website\/wp-content\/uploads\/2019\/12\/fontana-piazza-repubblica-1.jpg","author_info":{"display_name":"red..me","author_link":"https:\/\/www.messinaoggi.it\/website\/author\/redstage\/"},"digistream_id":0,"digistream":false,"_links":{"self":[{"href":"https:\/\/www.messinaoggi.it\/website\/wp-json\/wp\/v2\/posts\/38989"}],"collection":[{"href":"https:\/\/www.messinaoggi.it\/website\/wp-json\/wp\/v2\/posts"}],"about":[{"href":"https:\/\/www.messinaoggi.it\/website\/wp-json\/wp\/v2\/types\/post"}],"author":[{"embeddable":true,"href":"https:\/\/www.messinaoggi.it\/website\/wp-json\/wp\/v2\/users\/8"}],"replies":[{"embeddable":true,"href":"https:\/\/www.messinaoggi.it\/website\/wp-json\/wp\/v2\/comments?post=38989"}],"version-history":[{"count":0,"href":"https:\/\/www.messinaoggi.it\/website\/wp-json\/wp\/v2\/posts\/38989\/revisions"}],"wp:featuredmedia":[{"embeddable":true,"href":"https:\/\/www.messinaoggi.it\/website\/wp-json\/wp\/v2\/media\/38994"}],"wp:attachment":[{"href":"https:\/\/www.messinaoggi.it\/website\/wp-json\/wp\/v2\/media?parent=38989"}],"wp:term":[{"taxonomy":"category","embeddable":true,"href":"https:\/\/www.messinaoggi.it\/website\/wp-json\/wp\/v2\/categories?post=38989"},{"taxonomy":"post_tag","embeddable":true,"href":"https:\/\/www.messinaoggi.it\/website\/wp-json\/wp\/v2\/tags?post=38989"}],"curies":[{"name":"wp","href":"https:\/\/api.w.org\/{rel}","templated":true}]}}