{"id":38963,"date":"2019-12-06T11:34:37","date_gmt":"2019-12-06T10:34:37","guid":{"rendered":"https:\/\/www.messinaoggi.it\/website\/?p=38963"},"modified":"2019-12-06T11:34:37","modified_gmt":"2019-12-06T10:34:37","slug":"rincaro-biglietti-atm-gioveni-cosi-si-disincentiva-luso-dei-mezzi-pubblici","status":"publish","type":"post","link":"https:\/\/www.messinaoggi.it\/website\/2019\/12\/06\/rincaro-biglietti-atm-gioveni-cosi-si-disincentiva-luso-dei-mezzi-pubblici\/","title":{"rendered":"Rincaro biglietti Atm, Gioveni: &quot;Cos\u00ec si disincentiva l&#039;uso dei mezzi pubblici&quot;"},"content":{"rendered":"<p>\u201c<em>Il nuovo piano delle tariffe Atm approvato dalla giunta De Luca far\u00e0 aumentare vertiginosamente i mezzi privati in citt\u00e0, rendendola ancora pi\u00f9 invivibile sotto il profilo viario e con conseguente innalzamento del tasso di inquinamento<\/em>\u201d. \u00c8 il grido d\u2019allarme lanciato dal presidente della Commissione Viabilit\u00e0, il consigliere comunale Libero Gioveni, a seguito del notevole aumento del piano tariffario di Atm.<div id=\"div-gpt-ad-Messinaoggi.it-DSK-300x250-corpoart\" style=\"text-align:center;margin:0 auto;\"><\/div><\/p>\n<blockquote class=\"wp-embedded-content\" data-secret=\"U0I6ajauIW\"><p><a href=\"https:\/\/www.messinaoggi.it\/website\/2019\/12\/06\/atm-biglietti-e-gratta-e-sosta-in-aumento-per-il-2020\/\">Atm, biglietti e gratta e sosta in aumento per il 2020<\/a><div id=\"videoincontent\" style=\"clear:both\";><\/div><\/p><\/blockquote>\n<p><iframe class=\"wp-embedded-content\" sandbox=\"allow-scripts\" security=\"restricted\" style=\"position: absolute; clip: rect(1px, 1px, 1px, 1px);\" title=\"&#8220;Atm, biglietti e gratta e sosta in aumento per il 2020&#8221; &#8212; Messina Oggi\" src=\"https:\/\/www.messinaoggi.it\/website\/2019\/12\/06\/atm-biglietti-e-gratta-e-sosta-in-aumento-per-il-2020\/embed\/#?secret=U0I6ajauIW\" data-secret=\"U0I6ajauIW\" width=\"500\" height=\"282\" frameborder=\"0\" marginwidth=\"0\" marginheight=\"0\" scrolling=\"no\"><\/iframe><br \/>\n\u201c<em>Non si pu\u00f2 che definire scellerata questa scelta per i risvolti anche sociali che essa determiner\u00e0 <\/em>&#8211; afferma Gioveni &#8211; <em>oltre ad essere anche palesemente inopportuna per il momento storico che sta attraversando un&#8217;azienda che, anzich\u00e9 avvicinare di pi\u00f9 l&#8217;utenza, cos\u00ec rischia di perderla!<\/em><br \/>\n\u201c<em>Per non parlare dei salassi a cui andranno incontro parecchi lavoratori <\/em>&#8211; prosegue il consigliere &#8211; <em>la maggior parte dei quali tutti i giorni fa la spola da una parte all&#8217;altra della citt\u00e0 prendendo numerosi mezzi tra andata e ritorno.<\/em><br \/>\n\u201c<em>Non pu\u00f2 che apparire scontato, quindi <\/em>&#8211; conclude Gioveni &#8211; <em>che l&#8217;immediata conseguenza sar\u00e0 quella di avere purtroppo nelle nostre gi\u00e0 caotiche strade ancora pi\u00f9 autovetture che, in barba al futuro Pgtu che prevede l&#8217;istituzione di ben 6 vere Ztl, la faranno da padrone<\/em>\u201d.<\/p>\n","protected":false},"excerpt":{"rendered":"<p>\u201cIl nuovo piano delle tariffe Atm approvato dalla giunta De Luca far\u00e0 aumentare vertiginosamente i mezzi privati in citt\u00e0, rendendola ancora pi\u00f9 invivibile sotto il profilo viario e con conseguente innalzamento del tasso di inquinamento\u201d. \u00c8 il grido d\u2019allarme lanciato dal presidente della Commissione Viabilit\u00e0, il consigliere comunale Libero Gioveni, a seguito del notevole aumento [&hellip;]<\/p>\n","protected":false},"author":8,"featured_media":5805,"comment_status":"closed","ping_status":"open","sticky":false,"template":"","format":"standard","meta":{"ub_ctt_via":"","_mi_skip_tracking":false},"categories":[4],"tags":[],"featured_image_src":"https:\/\/www.messinaoggi.it\/website\/wp-content\/uploads\/2017\/08\/libero-gioveni-2.jpg","author_info":{"display_name":"red..me","author_link":"https:\/\/www.messinaoggi.it\/website\/author\/redstage\/"},"digistream_id":0,"digistream":false,"_links":{"self":[{"href":"https:\/\/www.messinaoggi.it\/website\/wp-json\/wp\/v2\/posts\/38963"}],"collection":[{"href":"https:\/\/www.messinaoggi.it\/website\/wp-json\/wp\/v2\/posts"}],"about":[{"href":"https:\/\/www.messinaoggi.it\/website\/wp-json\/wp\/v2\/types\/post"}],"author":[{"embeddable":true,"href":"https:\/\/www.messinaoggi.it\/website\/wp-json\/wp\/v2\/users\/8"}],"replies":[{"embeddable":true,"href":"https:\/\/www.messinaoggi.it\/website\/wp-json\/wp\/v2\/comments?post=38963"}],"version-history":[{"count":0,"href":"https:\/\/www.messinaoggi.it\/website\/wp-json\/wp\/v2\/posts\/38963\/revisions"}],"wp:featuredmedia":[{"embeddable":true,"href":"https:\/\/www.messinaoggi.it\/website\/wp-json\/wp\/v2\/media\/5805"}],"wp:attachment":[{"href":"https:\/\/www.messinaoggi.it\/website\/wp-json\/wp\/v2\/media?parent=38963"}],"wp:term":[{"taxonomy":"category","embeddable":true,"href":"https:\/\/www.messinaoggi.it\/website\/wp-json\/wp\/v2\/categories?post=38963"},{"taxonomy":"post_tag","embeddable":true,"href":"https:\/\/www.messinaoggi.it\/website\/wp-json\/wp\/v2\/tags?post=38963"}],"curies":[{"name":"wp","href":"https:\/\/api.w.org\/{rel}","templated":true}]}}