{"id":38962,"date":"2019-12-06T11:09:34","date_gmt":"2019-12-06T10:09:34","guid":{"rendered":"https:\/\/www.messinaoggi.it\/website\/?p=38962"},"modified":"2019-12-06T11:09:34","modified_gmt":"2019-12-06T10:09:34","slug":"atm-biglietti-e-gratta-e-sosta-in-aumento-per-il-2020","status":"publish","type":"post","link":"https:\/\/www.messinaoggi.it\/website\/2019\/12\/06\/atm-biglietti-e-gratta-e-sosta-in-aumento-per-il-2020\/","title":{"rendered":"Atm, biglietti e gratta e sosta in aumento per il 2020"},"content":{"rendered":"<p style=\"text-align: justify\">Nuovi rincari in vista per gli utenti del servizio di trasporto pubblico locale e, pi\u00f9 in generale, per coloro i quali utilizzano i vari servizi di Atm. La giunta De Luca ha infatti approvato il nuovo tariffario dell\u2019azienda di trasporto pubblico locale, che sar\u00e0 applicato a partire dal 2020 e che prevede una rimodulazione\u00a0al rialzo dei prezzi dei biglietti per viaggiare su bus e tram e dei gratta e sosta per usare gli stalli a pagamento.<div id=\"div-gpt-ad-Messinaoggi.it-DSK-300x250-corpoart\" style=\"text-align:center;margin:0 auto;\"><\/div><\/p>\n<p style=\"text-align: justify\">Il conto pi\u00f9 salato dovr\u00e0 essere pagato dagli utenti che viaggiano su bus e tram, non solo perch\u00e9 nell\u2019anno entrante il biglietto da 1,20 euro con validit\u00e0 una corsa sar\u00e0 abolito (pertanto, il biglietto pi\u00f9 economico sar\u00e0 quello da 1,50 euro con validit\u00e0 100 minuti), ma anche perch\u00e9 il biglietto con validit\u00e0 due corse in un giorno e il biglietto giornaliero, che attualmente sono venduti rispettivamente al prezzo di 1,70 euro e 2,60 euro, saranno venduti rispettivamente al prezzo di 2,50 euro e 4 euro.\u00a0 Inoltre, il biglietto venduto a bordo passer\u00e0 da 1,50 a 2 euro. Infine, anche gli abbonamenti subiranno un rincaro nei prezzi, e in particolare quello mensile passer\u00e0 da 30 a 35 euro, quello trimestrale da 70 a 90 euro e quello annuale da 220 a 250 euro.<div id=\"videoincontent\" style=\"clear:both\";><\/div><\/p>\n<p style=\"text-align: justify\">Con riferimento all\u2019uso degli stalli a pagamento, sono state abolite le aree da 50 centesimi l\u2019ora, che adesso saranno omologate alle restanti aree da un euro l\u2019ora. Infine, per sostare mezza giornata o l\u2019intera giornata sar\u00e0 possibile acquistare un gratta e sosta al prezzo rispettivamente di 3 e 5 euro.<\/p>\n<h5 style=\"text-align: justify\">Pendolari sul piede di guerra<\/h5>\n<p style=\"text-align: justify\">Intanto sono iniziate a circolare in rete numerose critiche nei confronti dell\u2019Amministrazione comunale da parte degli utenti che quotidianamente si avvalgono dei mezzi pubblici per spostarsi in citt\u00e0. Le critiche sono fondamentalmente riconducibili a due motivazioni. Innanzitutto, l\u2019incredibile impennata dei prezzi dei biglietti, specie quello avente validit\u00e0 due corse in un giorno e quello giornaliero. Infatti, il primo di fatto verr\u00e0 a costare quanto al secondo prima che si verificasse l\u2019aumento, mentre il biglietto giornaliero coster\u00e0 la bellezza di ben 4 euro, 1,60 euro in pi\u00f9. Mica poco se consideriamo che chi decide di spostarsi con i mezzi pubblici spesso lo fa per contenere i costi dovuti all\u2019uso della propria auto. Il rischio che si corre di conseguenza \u00e8 un ritorno per buona parte degli attuali fruitori del servizio di trasporto pubblico all\u2019uso dei mezzi privati: tra gli elevati costi per spostarsi in citt\u00e0 con l&#8217;auto e quelli per muoversi con i mezzi, tanto vale sostenere i primi e avere quindi un servizio sicuramente pi\u00f9 comodo. E se cos\u00ec dovesse essere, allora le strade rischiano di congestionarsi ulteriormente.<\/p>\n<p style=\"text-align: justify\">La seconda critica che invece viene mossa da chi usa i mezzi pubblici \u00e8 da ricondurre al fatto che il notevole aumento dei prezzi non \u00e8 giustificabile se consideriamo il fatto che, rispetto alla precedente amministrazione, il servizio \u00e8 tutt\u2019altro che migliorato. Oggigiorno pu\u00f2 essere considerato accettabile, ma sicuramente non \u00e8 lontanamente paragonabile qualitativamente parlando a quello lasciato in eredit\u00e0 dall\u2019amministrazione Accorinti.<\/p>\n<p style=\"text-align: right\"><strong>Paolo Mustica<\/strong><\/p>\n","protected":false},"excerpt":{"rendered":"<p>Nuovi rincari in vista per gli utenti del servizio di trasporto pubblico locale e, pi\u00f9 in generale, per coloro i quali utilizzano i vari servizi di Atm. La giunta De Luca ha infatti approvato il nuovo tariffario dell\u2019azienda di trasporto pubblico locale, che sar\u00e0 applicato a partire dal 2020 e che prevede una rimodulazione\u00a0al rialzo [&hellip;]<\/p>\n","protected":false},"author":8,"featured_media":23731,"comment_status":"closed","ping_status":"open","sticky":false,"template":"","format":"standard","meta":{"ub_ctt_via":"","_mi_skip_tracking":false},"categories":[6],"tags":[],"featured_image_src":"https:\/\/www.messinaoggi.it\/website\/wp-content\/uploads\/2018\/08\/atm-1.jpg","author_info":{"display_name":"red..me","author_link":"https:\/\/www.messinaoggi.it\/website\/author\/redstage\/"},"digistream_id":0,"digistream":false,"_links":{"self":[{"href":"https:\/\/www.messinaoggi.it\/website\/wp-json\/wp\/v2\/posts\/38962"}],"collection":[{"href":"https:\/\/www.messinaoggi.it\/website\/wp-json\/wp\/v2\/posts"}],"about":[{"href":"https:\/\/www.messinaoggi.it\/website\/wp-json\/wp\/v2\/types\/post"}],"author":[{"embeddable":true,"href":"https:\/\/www.messinaoggi.it\/website\/wp-json\/wp\/v2\/users\/8"}],"replies":[{"embeddable":true,"href":"https:\/\/www.messinaoggi.it\/website\/wp-json\/wp\/v2\/comments?post=38962"}],"version-history":[{"count":0,"href":"https:\/\/www.messinaoggi.it\/website\/wp-json\/wp\/v2\/posts\/38962\/revisions"}],"wp:featuredmedia":[{"embeddable":true,"href":"https:\/\/www.messinaoggi.it\/website\/wp-json\/wp\/v2\/media\/23731"}],"wp:attachment":[{"href":"https:\/\/www.messinaoggi.it\/website\/wp-json\/wp\/v2\/media?parent=38962"}],"wp:term":[{"taxonomy":"category","embeddable":true,"href":"https:\/\/www.messinaoggi.it\/website\/wp-json\/wp\/v2\/categories?post=38962"},{"taxonomy":"post_tag","embeddable":true,"href":"https:\/\/www.messinaoggi.it\/website\/wp-json\/wp\/v2\/tags?post=38962"}],"curies":[{"name":"wp","href":"https:\/\/api.w.org\/{rel}","templated":true}]}}