{"id":38954,"date":"2019-12-06T08:58:21","date_gmt":"2019-12-06T07:58:21","guid":{"rendered":"https:\/\/www.messinaoggi.it\/website\/?p=38954"},"modified":"2019-12-06T08:58:21","modified_gmt":"2019-12-06T07:58:21","slug":"porto-di-tremestieri-partenza-a-rilento-e-nuove-criticita","status":"publish","type":"post","link":"https:\/\/www.messinaoggi.it\/website\/2019\/12\/06\/porto-di-tremestieri-partenza-a-rilento-e-nuove-criticita\/","title":{"rendered":"Porto di Tremestieri, partenza a rilento e nuove criticit\u00e0"},"content":{"rendered":"<p>Il vice sindaco con delega alle Infrastrutture e Lavori oubblici Salvatore Mondello, ha illustrato lo stato di avanzamento dei lavori relativi alla progettazione e alla realizzazione della piattaforma logistica intermodale con annesso scalo portuale del porto di Tremestieri.<br \/>\nAll\u2019incontro con i giornalisti hanno preso parte Albino Boscolo titolare dell\u2019impresa Coedmar aggiudicataria dei lavori, il direttore dei lavori Pietro Certo e il rup Vito Leotta.<br \/>\n&#8220;In merito ai ritardi sulla tabella di marcia \u2013 ha sottolineato il vice sindaco \u2013 se sono derivanti da problemi tecnici indubbiamente non possono essere preoccupanti, va da s\u00e9 che l\u2019intenzione \u00e8 quella di risolvere le problematiche e completare le opere nei tempi dovuti. Ma cos\u00ec come \u00e8 stato spiegato dal direttore dei lavori, dal Rup ed anche dall\u2019impresa, gli imprevisti nati ovviamente non erano ipotizzabili all\u2019atto della progettazione.<br \/>\nPertanto mi interessa che l\u2019opera venga realizzata al meglio e che sia funzionale proprio per risolvere l\u2019annosa questione che riguarda Messina.<br \/>\nRitengo che l\u2019obiettivo pi\u00f9 importante sia quello di utilizzare il porto di Tremestieri a pieno regime e quindi liberare la citt\u00e0 dai Tir. Ho difeso in generale l\u2019operato dell\u2019impresa non nella qualit\u00e0 di ingegnere ma in quella di amministratore. Sarebbe auspicabile non accumulare alcun ritardo ma \u00e8 ovvio che laddove si riscontrano anomalie non prevedibili in fase progettuale, l\u2019obiettivo principale sia quello di arrivare al compimento dell\u2019opera senza alcun tipo di intoppi e soprattutto rendendola pienamente funzionale.<br \/>\nTengo a precisare che il sindaco Cateno De Luca, in prima persona, come tutti ricorderete, in quelle zone ha sbloccato una procedura espropriativa ferma da due anni.<br \/>\nRelativamente a possibili costi aggiuntivi, in linea di<img loading=\"lazy\" class=\"size-medium wp-image-72396 alignright\" src=\"http:\/\/www.comunemessina.gov.it\/wp-content\/uploads\/porto-tremest1-300x146.jpg\" alt=\"\" width=\"300\" height=\"146\" \/>principio cambia soltanto la tecnologia delle opere di contenimento passando da diaframmi a \u2018setti\u2019 a quelli a \u2018pali\u2019 per cui il costo non dovrebbe discostarsi da quello originario, fermo restando che per un quadro pi\u00f9 chiaro \u00e8 necessario completare la fase diagnostica in fase di attuazione.<br \/>\nIn ogni caso eventuali costi aggiuntivi, che ribadisco sono con ordine di grandezza molto bassi, vanno reperiti nel quadro economico complessivo dell\u2019opera, per cui da un lato abbiamo gli imprevisti che devono sempre essere inseriti nei quadri economici e comunque dall\u2019altro ci sono anche eventuali economie derivanti dai ribassi dello stesso bando di gara.<br \/>\nLe criticit\u00e0 riscontrate \u2013 ha concluso Mondello \u2013 faranno slittare il completamento dei lavori in un arco temporale di otto, nove mesi\u201d.<br \/>\n <div id=\"div-gpt-ad-Messinaoggi.it-DSK-300x250-corpoart\" style=\"text-align:center;margin:0 auto;\"><\/div><\/p>\n<div id=\"videoincontent\" style=\"clear:both\";><\/div>","protected":false},"excerpt":{"rendered":"<p>Il vice sindaco con delega alle Infrastrutture e Lavori oubblici Salvatore Mondello, ha illustrato lo stato di avanzamento dei lavori relativi alla progettazione e alla realizzazione della piattaforma logistica intermodale con annesso scalo portuale del porto di Tremestieri. All\u2019incontro con i giornalisti hanno preso parte Albino Boscolo titolare dell\u2019impresa Coedmar aggiudicataria dei lavori, il direttore [&hellip;]<\/p>\n","protected":false},"author":4,"featured_media":26585,"comment_status":"closed","ping_status":"open","sticky":false,"template":"","format":"standard","meta":{"ub_ctt_via":"","_mi_skip_tracking":false},"categories":[6],"tags":[],"featured_image_src":"https:\/\/www.messinaoggi.it\/website\/wp-content\/uploads\/2018\/11\/tremestieri-cantiere-porto.jpg","author_info":{"display_name":"redme","author_link":"https:\/\/www.messinaoggi.it\/website\/author\/redme\/"},"digistream_id":0,"digistream":false,"_links":{"self":[{"href":"https:\/\/www.messinaoggi.it\/website\/wp-json\/wp\/v2\/posts\/38954"}],"collection":[{"href":"https:\/\/www.messinaoggi.it\/website\/wp-json\/wp\/v2\/posts"}],"about":[{"href":"https:\/\/www.messinaoggi.it\/website\/wp-json\/wp\/v2\/types\/post"}],"author":[{"embeddable":true,"href":"https:\/\/www.messinaoggi.it\/website\/wp-json\/wp\/v2\/users\/4"}],"replies":[{"embeddable":true,"href":"https:\/\/www.messinaoggi.it\/website\/wp-json\/wp\/v2\/comments?post=38954"}],"version-history":[{"count":0,"href":"https:\/\/www.messinaoggi.it\/website\/wp-json\/wp\/v2\/posts\/38954\/revisions"}],"wp:featuredmedia":[{"embeddable":true,"href":"https:\/\/www.messinaoggi.it\/website\/wp-json\/wp\/v2\/media\/26585"}],"wp:attachment":[{"href":"https:\/\/www.messinaoggi.it\/website\/wp-json\/wp\/v2\/media?parent=38954"}],"wp:term":[{"taxonomy":"category","embeddable":true,"href":"https:\/\/www.messinaoggi.it\/website\/wp-json\/wp\/v2\/categories?post=38954"},{"taxonomy":"post_tag","embeddable":true,"href":"https:\/\/www.messinaoggi.it\/website\/wp-json\/wp\/v2\/tags?post=38954"}],"curies":[{"name":"wp","href":"https:\/\/api.w.org\/{rel}","templated":true}]}}