{"id":38936,"date":"2019-12-05T10:11:04","date_gmt":"2019-12-05T09:11:04","guid":{"rendered":"https:\/\/www.messinaoggi.it\/website\/?p=38936"},"modified":"2019-12-05T10:11:04","modified_gmt":"2019-12-05T09:11:04","slug":"nasce-la-snai-per-rilanciare-le-aree-periferiche-65-i-comuni-siciliani-coinvolti","status":"publish","type":"post","link":"https:\/\/www.messinaoggi.it\/website\/2019\/12\/05\/nasce-la-snai-per-rilanciare-le-aree-periferiche-65-i-comuni-siciliani-coinvolti\/","title":{"rendered":"Nasce la Snai per rilanciare le aree periferiche: 65 i comuni siciliani coinvolti"},"content":{"rendered":"<p>Anche la Sicilia sar\u00e0 ricompresa tra le regioni facenti parte dell\u2019intergruppo parlamentare che lavorer\u00e0 sulla <strong>Strategia nazionale per le aree interne<\/strong> (Snai), il piano di rilancio dei comuni periferici che punta a invertire la tendenza allo spopolamento e alla sottrazione di servizi. In particolare, l\u2019intergruppo \u00e8 stato costituito nella giornata di ieri e si occuper\u00e0 di ben 4200 comuni italiani ricadenti nelle cosiddette aree interne, 65 dei quali sono siciliani.<br \/>\n\u201c<em>Lo Snai utilizzer\u00e0 fondi comunitari e risorse dedicate in legge di stabilit\u00e0 e avr\u00e0 l\u2019obiettivo di adeguare la quantit\u00e0 e la qualit\u00e0 dei servizi di istruzione, salute e mobilit\u00e0 e di promuovere progetti di sviluppo che valorizzino il patrimonio naturale e culturale di questi territori, puntando anche su filiere produttive locali e generando cos\u00ec nuove opportunit\u00e0 di lavoro<\/em>\u201d, spiega al riguardo la messinese Antonella Papiro, la deputata alla Camera del Movimento 5 Stelle che ieri \u00e8 stata chiamata a dare ufficialmente il via all\u2019intergruppo.<br \/>\n\u201c<em>Dobbiamo ricordare<\/em> &#8211; prosegue Papiro &#8211; <em>che i comuni delle aree interne vivono quotidianamente disagi dovuti alla <strong>carenza di servizi primari<\/strong> quali la sanit\u00e0, le infrastrutture e l\u2019istruzione. L&#8217;80% di essi, ad esempio, <strong>non hanno<\/strong> alcun plesso scolastico di scuola secondaria superiore, taluni neanche quelli relativi alle medie.<\/em> <em>Queste aree rappresentano l\u2019identit\u00e0 dei nostri territori, un importante bacino di risorse naturali e culturali che vanno difese e valorizzate. Paesaggi naturali, risorse agricole, eccellenze agroalimentari, opere architettoniche artistiche, tra cui gli stessi edifici che compongono i paesi, che rappresentano una testimonianza preziosa della nostra storia e tradizione. Un bagaglio prezioso che non pu\u00f2 assolutamente andare perduto, dobbiamo avere la responsabilit\u00e0 di non pensare a queste come un limite, ma come un\u2019opportunit\u00e0.<\/em><br \/>\n&#8220;<em>Credo fermamente in questo progetto<\/em> &#8211; conclude la Papiro &#8211; <em>e sono convinta che con la costituzione di questo<strong> intergruppo<\/strong> ed una serie di analisi sulle criticit\u00e0 che hanno portato ad un fase di stallo su molte aree progetto, porteremo avanti un percorso sinergico a tutti i livelli: Stato, Regione, Amministrazioni locali per poter ridare la possibilit\u00e0 di scegliere di investire il proprio potenziale nella propria terra<\/em>\u201d.<div id=\"div-gpt-ad-Messinaoggi.it-DSK-300x250-corpoart\" style=\"text-align:center;margin:0 auto;\"><\/div><\/p>\n<div id=\"videoincontent\" style=\"clear:both\";><\/div>","protected":false},"excerpt":{"rendered":"<p>Anche la Sicilia sar\u00e0 ricompresa tra le regioni facenti parte dell\u2019intergruppo parlamentare che lavorer\u00e0 sulla Strategia nazionale per le aree interne (Snai), il piano di rilancio dei comuni periferici che punta a invertire la tendenza allo spopolamento e alla sottrazione di servizi. In particolare, l\u2019intergruppo \u00e8 stato costituito nella giornata di ieri e si occuper\u00e0 [&hellip;]<\/p>\n","protected":false},"author":8,"featured_media":38937,"comment_status":"closed","ping_status":"open","sticky":false,"template":"","format":"standard","meta":{"ub_ctt_via":"","_mi_skip_tracking":false},"categories":[11],"tags":[],"featured_image_src":"https:\/\/www.messinaoggi.it\/website\/wp-content\/uploads\/2019\/12\/presentazione-intergruppo-Strategia-Nazionale-per-le-Aree-Interne-Snai.jpg","author_info":{"display_name":"red..me","author_link":"https:\/\/www.messinaoggi.it\/website\/author\/redstage\/"},"digistream_id":0,"digistream":false,"_links":{"self":[{"href":"https:\/\/www.messinaoggi.it\/website\/wp-json\/wp\/v2\/posts\/38936"}],"collection":[{"href":"https:\/\/www.messinaoggi.it\/website\/wp-json\/wp\/v2\/posts"}],"about":[{"href":"https:\/\/www.messinaoggi.it\/website\/wp-json\/wp\/v2\/types\/post"}],"author":[{"embeddable":true,"href":"https:\/\/www.messinaoggi.it\/website\/wp-json\/wp\/v2\/users\/8"}],"replies":[{"embeddable":true,"href":"https:\/\/www.messinaoggi.it\/website\/wp-json\/wp\/v2\/comments?post=38936"}],"version-history":[{"count":0,"href":"https:\/\/www.messinaoggi.it\/website\/wp-json\/wp\/v2\/posts\/38936\/revisions"}],"wp:featuredmedia":[{"embeddable":true,"href":"https:\/\/www.messinaoggi.it\/website\/wp-json\/wp\/v2\/media\/38937"}],"wp:attachment":[{"href":"https:\/\/www.messinaoggi.it\/website\/wp-json\/wp\/v2\/media?parent=38936"}],"wp:term":[{"taxonomy":"category","embeddable":true,"href":"https:\/\/www.messinaoggi.it\/website\/wp-json\/wp\/v2\/categories?post=38936"},{"taxonomy":"post_tag","embeddable":true,"href":"https:\/\/www.messinaoggi.it\/website\/wp-json\/wp\/v2\/tags?post=38936"}],"curies":[{"name":"wp","href":"https:\/\/api.w.org\/{rel}","templated":true}]}}