{"id":38935,"date":"2019-12-07T11:09:06","date_gmt":"2019-12-07T10:09:06","guid":{"rendered":"https:\/\/www.messinaoggi.it\/website\/?p=38935"},"modified":"2019-12-07T11:09:06","modified_gmt":"2019-12-07T10:09:06","slug":"punto-nascita-s-agata-militello-comitato-uil-e-uil-fpl-allunisino-denunciano-come-le-verita-sia-venuta-a-galla","status":"publish","type":"post","link":"https:\/\/www.messinaoggi.it\/website\/2019\/12\/07\/punto-nascita-s-agata-militello-comitato-uil-e-uil-fpl-allunisino-denunciano-come-le-verita-sia-venuta-a-galla\/","title":{"rendered":"Punto nascita S. Agata Militello: Comitato, Uil e Uil-Fpl denunciano come le verit\u00e0 sia venuta a galla"},"content":{"rendered":"<p style=\"text-align: justify;\">\u201cFinalmente grazie alle iniziative poste in essere dal Comitato, dalla UIL e dalla UILFPL, l\u2019Assessore alla Salute giorno 22 novembre scorso ha inoltrato al Ministero della Salute la richiesta di deroga per il mantenimento del Punto Nascita di S. Agata di Militello, con ci\u00f2 dimostrando chiaramente che il Punto Nascita sarebbe stato chiuso in maniera vergognosa\u201d.<div id=\"div-gpt-ad-Messinaoggi.it-DSK-300x250-corpoart\" style=\"text-align:center;margin:0 auto;\"><\/div><\/p>\n<p style=\"text-align: justify;\">Lo scrivono in una nota stampa Mario Russo, Ivan Tripodi, Pippo Calapai e Mario Salvatore Macr\u00ec, rispettivamente presidente del Comitato \u201cNo alla chiusura del Punto Nascita\u201d, segretario provinciale Uil, segretario provinciale Uil-Fpl e Responsabile Area Medica Uil-Fpl Messina.<div id=\"videoincontent\" style=\"clear:both\";><\/div><\/p>\n<p style=\"text-align: justify;\">\u201cFinalmente vengono smascherate le intenzioni del direttore medico di presidio e del manager dell\u2019ASP di Messina che, maldestramente, hanno tentato di attribuire alla UIL-FPL colpe strumentalizzando, consapevolmente, una nota sindacale finalizzata ad assicurare l\u2019attivit\u00e0 h\/24 ed il rispetto degli standards di personale. Finalmente la cittadinanza \u00e8 stata informata che il Piano di Investimenti dell\u2019ASP di Messina, sia dello scorso anno che dell\u2019attuale, non ha previsto nessun lavoro di adeguamento per il Punto Nascita di S. Agata di Militello, che il dott. La Paglia sin dal suo primo giorno di insediamento non \u00e8 andato oltre gli annunci, come dimostrato dall\u2019assenza di investimenti per il Punto Nascita di S. Agata Militello e di iniziative concrete al fine di garantire un adeguato numero di personale sanitario operante\u201d.<\/p>\n<p style=\"text-align: justify;\">Prosegue la nota stampa che si conclude con una serie di interrogativi ai quali si pretende vengano date delle risposte.<\/p>\n<p style=\"text-align: justify;\">\u201cLe rassicuranti dichiarazioni dell\u2019assessore e del manager non ci convincono e ci spingono ad essere ancora pi\u00f9 vigili sull\u2019intero \u201caffaire\u201d.<\/p>\n<p style=\"text-align: justify;\">Ombre e interrogativi permangono sull\u2019effettiva volont\u00e0 di restituire il Punto Nascita alle donne dei Nebrodi: perch\u00e9 la richiesta di deroga \u00e8 stata inviata soltanto il 22 novembre scorso?; perch\u00e9 le delibere per l\u2019assunzione dei medici sono state adottate soltanto il 29 novembre? perch\u00e9 stante l\u2019urgenza, i bandi non sono stati pubblicati nel sito aziendale nello stesso giorno di adozione delle delibere ma, soltanto nella tarda mattinata del 2 dicembre scorso?<\/p>\n<p style=\"text-align: justify;\">Ci assale il dubbio che si auspichi qualche ostacolo per chiudere definitivamente il Punto Nascita.<\/p>\n<p style=\"text-align: justify;\">Perch\u00e9? La UIL, UILFPL ed il Comitato nel ribadire il proprio impegno per la riapertura del Punto Nascita preannunciamo, nel caso contrario, manifestazioni ed azioni popolari di protesta per far recedere le istituzioni da una decisione penalizzante per le popolazioni dei Nebrodi e che nega il diritto alla salute sancito dalla Costituzione.<\/p>\n","protected":false},"excerpt":{"rendered":"<p>\u201cFinalmente grazie alle iniziative poste in essere dal Comitato, dalla UIL e dalla UILFPL, l\u2019Assessore alla Salute giorno 22 novembre scorso ha inoltrato al Ministero della Salute la richiesta di deroga per il mantenimento del Punto Nascita di S. Agata di Militello, con ci\u00f2 dimostrando chiaramente che il Punto Nascita sarebbe stato chiuso in maniera [&hellip;]<\/p>\n","protected":false},"author":2,"featured_media":37532,"comment_status":"closed","ping_status":"open","sticky":false,"template":"","format":"standard","meta":{"ub_ctt_via":"","_mi_skip_tracking":false},"categories":[13,18],"tags":[],"featured_image_src":"https:\/\/www.messinaoggi.it\/website\/wp-content\/uploads\/2019\/10\/incontro-Uil-punto-nascita.jpg","author_info":{"display_name":"Redazione","author_link":"https:\/\/www.messinaoggi.it\/website\/author\/redazione\/"},"digistream_id":0,"digistream":false,"_links":{"self":[{"href":"https:\/\/www.messinaoggi.it\/website\/wp-json\/wp\/v2\/posts\/38935"}],"collection":[{"href":"https:\/\/www.messinaoggi.it\/website\/wp-json\/wp\/v2\/posts"}],"about":[{"href":"https:\/\/www.messinaoggi.it\/website\/wp-json\/wp\/v2\/types\/post"}],"author":[{"embeddable":true,"href":"https:\/\/www.messinaoggi.it\/website\/wp-json\/wp\/v2\/users\/2"}],"replies":[{"embeddable":true,"href":"https:\/\/www.messinaoggi.it\/website\/wp-json\/wp\/v2\/comments?post=38935"}],"version-history":[{"count":0,"href":"https:\/\/www.messinaoggi.it\/website\/wp-json\/wp\/v2\/posts\/38935\/revisions"}],"wp:featuredmedia":[{"embeddable":true,"href":"https:\/\/www.messinaoggi.it\/website\/wp-json\/wp\/v2\/media\/37532"}],"wp:attachment":[{"href":"https:\/\/www.messinaoggi.it\/website\/wp-json\/wp\/v2\/media?parent=38935"}],"wp:term":[{"taxonomy":"category","embeddable":true,"href":"https:\/\/www.messinaoggi.it\/website\/wp-json\/wp\/v2\/categories?post=38935"},{"taxonomy":"post_tag","embeddable":true,"href":"https:\/\/www.messinaoggi.it\/website\/wp-json\/wp\/v2\/tags?post=38935"}],"curies":[{"name":"wp","href":"https:\/\/api.w.org\/{rel}","templated":true}]}}