{"id":38912,"date":"2019-12-04T11:11:20","date_gmt":"2019-12-04T10:11:20","guid":{"rendered":"https:\/\/www.messinaoggi.it\/website\/?p=38912"},"modified":"2019-12-04T11:11:20","modified_gmt":"2019-12-04T10:11:20","slug":"torna-il-natale-targato-ct-al-via-il-15-a-onde-sonore","status":"publish","type":"post","link":"https:\/\/www.messinaoggi.it\/website\/2019\/12\/04\/torna-il-natale-targato-ct-al-via-il-15-a-onde-sonore\/","title":{"rendered":"Torna il Natale targato C&#038;T: al via il 15 a &quot;Onde Sonore&quot;"},"content":{"rendered":"<p style=\"text-align: justify\">Manca davvero poco prima che torni il Natale targato Caronte&amp;Tourist. Il 15 dicembre prender\u00e0 infatti avvio \u201cOnde Sonore\u201d, la nota kermesse artistica promossa da C&amp;T e giunta quest\u2019anno alla sua quinta edizione. L\u2019obiettivo della manifestazione, com\u2019\u00e8 noto, \u00e8 quello di dar vita durante il periodo natalizio \u2013 ma non solo, considerato che il successo registrato dal festival negli ultimi anni ha spinto Caronte&amp;Tourist a riproporre l\u2019iniziativa anche in altri periodi dell\u2019anno \u2013 a un connubio tra arte e solidariet\u00e0: infatti, Onde Sonore intrattiene s\u00ec i passeggeri a bordo delle navi di C&amp;T, ma lo fa aiutando di volta in volta associazioni benefiche nazionali e internazionali operanti nel territorio. Nel dettaglio, il ricavato della manifestazione, che verr\u00e0 raccolto attraverso il semplice acquisto del biglietto passeggeri a 5 euro, sar\u00e0 raddoppiato da Caronte&amp;Tourist e devoluto a tali associazioni, che quest\u2019anno saranno la Lega italiana lotta contro i tumori, a cui saranno destinate le somme raccolte durante quattro giornate di concerti, e la Fondazione Telethon, per la quale sar\u00e0 organizzato un apposito evento musicale il 18 dicembre. Inoltre, il ricavato delle due manifestazioni dedicate ai pi\u00f9 piccoli, vale a dire quella del 22 dicembre che vedr\u00e0 la presenza di Babbo Natale e quella del 6 gennaio durante la quale verranno distribuiti dei doni da parte di C&amp;T, sar\u00e0 interamente devoluta alla Comunit\u00e0 di Sant\u2019Egidio, da sempre impegnata nella lotta alla povert\u00e0 nella citt\u00e0 di Messina.<div id=\"div-gpt-ad-Messinaoggi.it-DSK-300x250-corpoart\" style=\"text-align:center;margin:0 auto;\"><\/div><\/p>\n<p style=\"text-align: justify\">Soffermandoci pi\u00f9 nel dettaglio sugli eventi che caratterizzeranno la kermesse di quest\u2019anno, come detto \u201cOnde Sonore\u201d inizier\u00e0 il 15 dicembre a partire dalle ore 18 e finir\u00e0 il 6 gennaio. In particolare, si terranno complessivamente sette giornate di manifestazioni, cinque delle quali saranno dedicate ai concerti (e in particolare una sar\u00e0 dedicata allo speciale Telethon) e due alle manifestazioni per i bimbi che, come gi\u00e0 accennato, si terranno il 22 dicembre e il 6 gennaio. Vediamo pi\u00f9 nel dettaglio le manifestazioni dedicate ai concerti.<div id=\"videoincontent\" style=\"clear:both\";><\/div><\/p>\n<h5 style=\"text-align: justify\">Gli eventi musicali<\/h5>\n<p style=\"text-align: justify\"><strong>15 dicembre.<\/strong> Il festival prender\u00e0 avvio domenica con l\u2019evento \u201c<strong><em>Kiss my\u2026 Rock<\/em><\/strong>\u201d, durante il quale si esibiranno i <em>Palco\/Oscenico<\/em>, rock band che, come si legge nella relativa scheda di presentazione, si pone l\u2019obiettivo di \u201c<em>compiere un lungo viaggio temporale nel rock classico che va dai Beatles agli Eagles, dagli Stones a Bob Dylan fino ad attingere al repertorio di bands pi\u00f9 recenti come i Police e I Grand Funk Railroad<\/em>\u201d, e i <em>Deuce<\/em>, tribute band siciliana dei Kiss.<\/p>\n<p style=\"text-align: justify\"><strong>18 dicembre.<\/strong> Mercoled\u00ec sar\u00e0 invece la volta dello <strong>special Telethon event<\/strong>, durante il quale saliranno sul palco <em>Glourius 4, ensemble<\/em> al femminile che spazia dal jazz al pop, e <em>I Cantustrittu<\/em>, associazione culturale musicale che ha tra il proprio repertorio canzoni in dialetto locale.<\/p>\n<p style=\"text-align: justify\"><strong>23 dicembre.<\/strong> Due giorni prima del Natale si terr\u00e0 invece l\u2019evento \u201c<strong><em>You come down from the stars<\/em><\/strong>\u201d, con l\u2019eco gospel dei <em>Cantica Nova Gospel Choir<\/em> e i brani blues dei <em>Blue in Blues<\/em> nello spettacolo <em>Christmax \u2018n Blues<\/em>.<\/p>\n<p style=\"text-align: justify\"><strong>29 dicembre.<\/strong> Domenica 29 sar\u00e0 la volta dell\u2019evento \u201c<strong><em>Usa to Africa<\/em><\/strong>\u201d, durante il quale si esibiranno i <em>Trinity Unite<\/em>, gruppo che ha tra il proprio repertorio musica afro e gli <em>Horny Brothers<\/em>, band country-rock americano proveniente dalla Calabria.<\/p>\n<p style=\"text-align: justify\"><strong>5 gennaio<\/strong>. Lo spirito soul\/R&amp;B del quartetto di <em>Alessandra Chiarello<\/em> caratterizzer\u00e0 la \u201c<strong><em>Black Sunday<\/em><\/strong>\u201d insieme al trio <em>Matt Pascale &amp; Walking Blues<\/em> che concluder\u00e0 la rassegna con note blues.<\/p>\n<p style=\"text-align: justify\">\u201c<em>Selezionare gli artisti per questa nuova edizione \u00e8 stato impegnativo \u2013 <\/em>ha dichiarato il direttore artistico <strong>Max Garrubba<\/strong> durante la conferenza di presentazione del festival <em>&#8211; come lo \u00e8 sempre quando si ricerca il meglio. Ho operato seguendo una mia personale regola, quella delle tre Q: <strong>Qualit\u00e0,<\/strong> sicuramente alta, che porti a non scendere mai a compromessi visto quanto, una kermesse di spessore, necessiti di proposte altrettanto importanti; <strong>Quoziente<\/strong>, inteso come intellettivo, che connota le proposte come, appunto, intelligenti e creative, bypassando tutto ci\u00f2 che non \u00e8 realmente un vero e valido progetto artistico; <strong>Quorum<\/strong>, per sottolineare come, grazie ad una scelta composita e molteplice che soddisfi i sempre pi\u00f9 vari ed esigenti desideri del pubblico, si cerchi di raggiungere un\u2019ancor pi\u00f9 ampia maggioranza di consenso e gradimento, proseguendo nel trend gi\u00e0 estremamente positivo della manifestazione\u201d.<\/em><\/p>\n<p style=\"text-align: justify\">Sponsor etico di Onde Sonore sar\u00e0 nuovamente <strong>Posto Occupato<\/strong>, iniziativa di sostegno e sensibilizzazione contro la violenza sulle donne.<\/p>\n<p style=\"text-align: right\"><strong>Paolo Mustica<\/strong><\/p>\n","protected":false},"excerpt":{"rendered":"<p>Manca davvero poco prima che torni il Natale targato Caronte&amp;Tourist. Il 15 dicembre prender\u00e0 infatti avvio \u201cOnde Sonore\u201d, la nota kermesse artistica promossa da C&amp;T e giunta quest\u2019anno alla sua quinta edizione. L\u2019obiettivo della manifestazione, com\u2019\u00e8 noto, \u00e8 quello di dar vita durante il periodo natalizio \u2013 ma non solo, considerato che il successo registrato [&hellip;]<\/p>\n","protected":false},"author":8,"featured_media":38913,"comment_status":"closed","ping_status":"open","sticky":false,"template":"","format":"standard","meta":{"ub_ctt_via":"","_mi_skip_tracking":false},"categories":[5,17],"tags":[],"featured_image_src":"https:\/\/www.messinaoggi.it\/website\/wp-content\/uploads\/2019\/12\/onde-sonore-19-20.jpg","author_info":{"display_name":"red..me","author_link":"https:\/\/www.messinaoggi.it\/website\/author\/redstage\/"},"digistream_id":0,"digistream":false,"_links":{"self":[{"href":"https:\/\/www.messinaoggi.it\/website\/wp-json\/wp\/v2\/posts\/38912"}],"collection":[{"href":"https:\/\/www.messinaoggi.it\/website\/wp-json\/wp\/v2\/posts"}],"about":[{"href":"https:\/\/www.messinaoggi.it\/website\/wp-json\/wp\/v2\/types\/post"}],"author":[{"embeddable":true,"href":"https:\/\/www.messinaoggi.it\/website\/wp-json\/wp\/v2\/users\/8"}],"replies":[{"embeddable":true,"href":"https:\/\/www.messinaoggi.it\/website\/wp-json\/wp\/v2\/comments?post=38912"}],"version-history":[{"count":0,"href":"https:\/\/www.messinaoggi.it\/website\/wp-json\/wp\/v2\/posts\/38912\/revisions"}],"wp:featuredmedia":[{"embeddable":true,"href":"https:\/\/www.messinaoggi.it\/website\/wp-json\/wp\/v2\/media\/38913"}],"wp:attachment":[{"href":"https:\/\/www.messinaoggi.it\/website\/wp-json\/wp\/v2\/media?parent=38912"}],"wp:term":[{"taxonomy":"category","embeddable":true,"href":"https:\/\/www.messinaoggi.it\/website\/wp-json\/wp\/v2\/categories?post=38912"},{"taxonomy":"post_tag","embeddable":true,"href":"https:\/\/www.messinaoggi.it\/website\/wp-json\/wp\/v2\/tags?post=38912"}],"curies":[{"name":"wp","href":"https:\/\/api.w.org\/{rel}","templated":true}]}}