{"id":38909,"date":"2019-12-04T08:45:31","date_gmt":"2019-12-04T07:45:31","guid":{"rendered":"https:\/\/www.messinaoggi.it\/website\/?p=38909"},"modified":"2019-12-04T08:45:31","modified_gmt":"2019-12-04T07:45:31","slug":"natale-a-piazza-cairoli-domani-apre-il-mercatino-gastronomico-griffato-fontalba","status":"publish","type":"post","link":"https:\/\/www.messinaoggi.it\/website\/2019\/12\/04\/natale-a-piazza-cairoli-domani-apre-il-mercatino-gastronomico-griffato-fontalba\/","title":{"rendered":"Natale a piazza Cairoli, domani apre il &quot;Mercatino gastronomico&quot; griffato Fontalba"},"content":{"rendered":"<p style=\"text-align: justify;\">Si apre domani, gioved\u00ec 5 dicembre 2019, a piazza Cairoli il \u201cMercatino gastronomico\u201d promosso dall\u2019Associazione \u201cMessina Incentro\u201d con la collaborazione dell\u2019amministrazione comunale nell\u2019ambito delle manifestazioni natalizie a piazza Cairoli.<div id=\"div-gpt-ad-Messinaoggi.it-DSK-300x250-corpoart\" style=\"text-align:center;margin:0 auto;\"><\/div><\/p>\n<p style=\"text-align: justify;\">Il \u201cMercatino gastronomico\u201d, allocato a piazza Cairoli lato monte rimarr\u00e0 aperto fino a domenica 8 dicembre ed ospiter\u00e0 esercenti che proporranno le specialit\u00e0 della gastronomia e della pasticceria messinese. Vi saranno inoltre espositori provenienti dalla Puglia. La prima edizione del \u201cMercatino gastronomico\u201d \u00e8 stata sponsorizzata dall\u2019acqua <strong>Fontalba<\/strong> nell\u2019ambito di una partnership che vede coinvolta la <strong>famiglia Faranda<\/strong> nell\u2019ambito delle iniziative del Natale a piazza Cairoli.<div id=\"videoincontent\" style=\"clear:both\";><\/div><\/p>\n<p style=\"text-align: justify;\">\u201c<em>Sono veramente onorato dell\u2019impegno assunto dal dott. <strong>Alessandro Faranda<\/strong> \u2013 afferma <strong>Lino Santoro<\/strong>, presidente di Messina Incentro \u2013 che ha deciso di affiancarci nell\u2019organizzazione dei questo Mercatino di Natale a piazza Cairoli. La <strong>Fontalba<\/strong>, oltre ad essere uno degli sponsor che finanziano le iniziative del Natale, ha inteso conferire alla nostra associazione un contributo aggiuntivo per la buona riuscita di tale iniziativa che si inserisce nel contesto del Natale a piazza Cairoli<\/em>\u201d.<\/p>\n<p style=\"text-align: justify;\">Il \u201cMercatino gastronomico\u201d si apre ufficialmente domani alle 18 e rimarr\u00e0 aperto tutti i giorni fino alle 24. Venerd\u00ec, sabato e domenica apertura anche mattutina dalle 11 alle 15.<\/p>\n<p> <\/p>\n","protected":false},"excerpt":{"rendered":"<p>Si apre domani, gioved\u00ec 5 dicembre 2019, a piazza Cairoli il \u201cMercatino gastronomico\u201d promosso dall\u2019Associazione \u201cMessina Incentro\u201d con la collaborazione dell\u2019amministrazione comunale nell\u2019ambito delle manifestazioni natalizie a piazza Cairoli. Il \u201cMercatino gastronomico\u201d, allocato a piazza Cairoli lato monte rimarr\u00e0 aperto fino a domenica 8 dicembre ed ospiter\u00e0 esercenti che proporranno le specialit\u00e0 della gastronomia e [&hellip;]<\/p>\n","protected":false},"author":2,"featured_media":38898,"comment_status":"closed","ping_status":"open","sticky":false,"template":"","format":"standard","meta":{"ub_ctt_via":"","_mi_skip_tracking":false},"categories":[6],"tags":[],"featured_image_src":"https:\/\/www.messinaoggi.it\/website\/wp-content\/uploads\/2019\/12\/IMG-20191203-WA0002.jpg","author_info":{"display_name":"Redazione","author_link":"https:\/\/www.messinaoggi.it\/website\/author\/redazione\/"},"digistream_id":0,"digistream":false,"_links":{"self":[{"href":"https:\/\/www.messinaoggi.it\/website\/wp-json\/wp\/v2\/posts\/38909"}],"collection":[{"href":"https:\/\/www.messinaoggi.it\/website\/wp-json\/wp\/v2\/posts"}],"about":[{"href":"https:\/\/www.messinaoggi.it\/website\/wp-json\/wp\/v2\/types\/post"}],"author":[{"embeddable":true,"href":"https:\/\/www.messinaoggi.it\/website\/wp-json\/wp\/v2\/users\/2"}],"replies":[{"embeddable":true,"href":"https:\/\/www.messinaoggi.it\/website\/wp-json\/wp\/v2\/comments?post=38909"}],"version-history":[{"count":0,"href":"https:\/\/www.messinaoggi.it\/website\/wp-json\/wp\/v2\/posts\/38909\/revisions"}],"wp:featuredmedia":[{"embeddable":true,"href":"https:\/\/www.messinaoggi.it\/website\/wp-json\/wp\/v2\/media\/38898"}],"wp:attachment":[{"href":"https:\/\/www.messinaoggi.it\/website\/wp-json\/wp\/v2\/media?parent=38909"}],"wp:term":[{"taxonomy":"category","embeddable":true,"href":"https:\/\/www.messinaoggi.it\/website\/wp-json\/wp\/v2\/categories?post=38909"},{"taxonomy":"post_tag","embeddable":true,"href":"https:\/\/www.messinaoggi.it\/website\/wp-json\/wp\/v2\/tags?post=38909"}],"curies":[{"name":"wp","href":"https:\/\/api.w.org\/{rel}","templated":true}]}}