{"id":38892,"date":"2019-12-03T10:25:57","date_gmt":"2019-12-03T09:25:57","guid":{"rendered":"https:\/\/www.messinaoggi.it\/website\/?p=38892"},"modified":"2019-12-03T10:25:57","modified_gmt":"2019-12-03T09:25:57","slug":"de-luca-sulla-renna-e-luci-da-sogno-il-natale-messinese-si-accende","status":"publish","type":"post","link":"https:\/\/www.messinaoggi.it\/website\/2019\/12\/03\/de-luca-sulla-renna-e-luci-da-sogno-il-natale-messinese-si-accende\/","title":{"rendered":"De Luca sulla renna e luci da sogno, il Natale messinese si accende"},"content":{"rendered":"<p>Il Natale messinese nasce sotto una buona stella. Piazza Cairoli diventa il centro nevralgico delle manifestazioni. &#8220;Messina Incentro&#8221;, l\u2019associazione che si occupa di iniziative, ha gi\u00e0 addobbato ed illuminato le strade e naturalmente la piazza simbolo della citt\u00e0. Un vero e proprio villaggio natalizio con luci, renne e Babbo Natale a far da sfondo.<br \/>\n<img loading=\"lazy\" class=\"alignnone size-medium wp-image-38895\" src=\"https:\/\/www.messinaoggi.it\/website\/wp-content\/uploads\/2019\/12\/IMG-20191203-WA0012-300x225.jpg\" alt=\"\" width=\"300\" height=\"225\" \/><br \/>\nNeanche il sindaco, Cateno De Luca, \u00e8 riuscito a resistere alla tentazione di visitare il village, facendosi immortalare persino accanto alle renne illuminate. Lo vedete sorridente e festante con la sua imamncabile goliardia.<br \/>\n<img loading=\"lazy\" class=\"alignnone size-medium wp-image-38896\" src=\"https:\/\/www.messinaoggi.it\/website\/wp-content\/uploads\/2019\/12\/IMG-20191203-WA0009-300x225.jpg\" alt=\"\" width=\"300\" height=\"225\" \/><br \/>\nIl programma delle iniziative a piazza Cairoli prender\u00e0 il via gioved\u00ec con l\u2019apertura del \u201cParco Gastronomico\u201d, che offrir\u00e0 la possibilit\u00e0 di degustare le specialit\u00e0 messinesi; venerd\u00ec 7, si terr\u00e0 la tradizionale \u201cFesta dell\u2019Accensione\u201d dell\u2019albero di Natale e contestualmente saranno inaugurati il \u201cGiardino delle Luci\u201d, un\u2019ampia area dove saranno esposte luci artistiche in tema natalizio, la pista di pattinaggio e l\u2019area giochi per i pi\u00f9 piccoli.<br \/>\n<img loading=\"lazy\" class=\"alignnone size-medium wp-image-38897\" src=\"https:\/\/www.messinaoggi.it\/website\/wp-content\/uploads\/2019\/12\/IMG-20191203-WA0004-300x225.jpg\" alt=\"\" width=\"300\" height=\"225\" \/><br \/>\nDa marted\u00ec 10, si aprir\u00e0, per la prima volta a piazza Cairoli, il mercatino di Natale.<br \/>\n<img loading=\"lazy\" class=\"alignnone size-medium wp-image-38898\" src=\"https:\/\/www.messinaoggi.it\/website\/wp-content\/uploads\/2019\/12\/IMG-20191203-WA0002-300x225.jpg\" alt=\"\" width=\"300\" height=\"225\" \/><br \/>\nPrevisti numerosi eventi durante il periodo natalizio. Gioved\u00ec 26, sempre promosso dall\u2019Associazione \u201cMessina Incentro\u201d, la piazza si animer\u00e0 con il concerto gospel di Natale.<div id=\"div-gpt-ad-Messinaoggi.it-DSK-300x250-corpoart\" style=\"text-align:center;margin:0 auto;\"><\/div><\/p>\n<div id=\"videoincontent\" style=\"clear:both\";><\/div>","protected":false},"excerpt":{"rendered":"<p>Il Natale messinese nasce sotto una buona stella. Piazza Cairoli diventa il centro nevralgico delle manifestazioni. &#8220;Messina Incentro&#8221;, l\u2019associazione che si occupa di iniziative, ha gi\u00e0 addobbato ed illuminato le strade e naturalmente la piazza simbolo della citt\u00e0. Un vero e proprio villaggio natalizio con luci, renne e Babbo Natale a far da sfondo. Neanche [&hellip;]<\/p>\n","protected":false},"author":4,"featured_media":38893,"comment_status":"closed","ping_status":"open","sticky":false,"template":"","format":"standard","meta":{"ub_ctt_via":"","_mi_skip_tracking":false},"categories":[6],"tags":[],"featured_image_src":"https:\/\/www.messinaoggi.it\/website\/wp-content\/uploads\/2019\/12\/IMG-20191203-WA0014.jpg","author_info":{"display_name":"redme","author_link":"https:\/\/www.messinaoggi.it\/website\/author\/redme\/"},"digistream_id":0,"digistream":false,"_links":{"self":[{"href":"https:\/\/www.messinaoggi.it\/website\/wp-json\/wp\/v2\/posts\/38892"}],"collection":[{"href":"https:\/\/www.messinaoggi.it\/website\/wp-json\/wp\/v2\/posts"}],"about":[{"href":"https:\/\/www.messinaoggi.it\/website\/wp-json\/wp\/v2\/types\/post"}],"author":[{"embeddable":true,"href":"https:\/\/www.messinaoggi.it\/website\/wp-json\/wp\/v2\/users\/4"}],"replies":[{"embeddable":true,"href":"https:\/\/www.messinaoggi.it\/website\/wp-json\/wp\/v2\/comments?post=38892"}],"version-history":[{"count":0,"href":"https:\/\/www.messinaoggi.it\/website\/wp-json\/wp\/v2\/posts\/38892\/revisions"}],"wp:featuredmedia":[{"embeddable":true,"href":"https:\/\/www.messinaoggi.it\/website\/wp-json\/wp\/v2\/media\/38893"}],"wp:attachment":[{"href":"https:\/\/www.messinaoggi.it\/website\/wp-json\/wp\/v2\/media?parent=38892"}],"wp:term":[{"taxonomy":"category","embeddable":true,"href":"https:\/\/www.messinaoggi.it\/website\/wp-json\/wp\/v2\/categories?post=38892"},{"taxonomy":"post_tag","embeddable":true,"href":"https:\/\/www.messinaoggi.it\/website\/wp-json\/wp\/v2\/tags?post=38892"}],"curies":[{"name":"wp","href":"https:\/\/api.w.org\/{rel}","templated":true}]}}