{"id":38871,"date":"2019-12-02T19:06:39","date_gmt":"2019-12-02T18:06:39","guid":{"rendered":"https:\/\/www.messinaoggi.it\/website\/?p=38871"},"modified":"2019-12-02T19:06:39","modified_gmt":"2019-12-02T18:06:39","slug":"natale-2019-piazza-cairoli-sempre-piu-in-centro","status":"publish","type":"post","link":"https:\/\/www.messinaoggi.it\/website\/2019\/12\/02\/natale-2019-piazza-cairoli-sempre-piu-in-centro\/","title":{"rendered":"Natale 2019, piazza Cairoli sempre pi\u00f9 in&#8230;centro"},"content":{"rendered":"<p>Sono state illustrate, a Palazzo Zanca, le iniziative del \u201cNatale a Piazza Cairoli 2019, insieme per Dylan\u201d.<br \/>\nAll\u2019incontro hanno preso parte il sindaco Cateno De Luca; gli assessori alle Attivit\u00e0 produttive e Promozionali Dafne Musolino, allo Spettacolo e Tempo Libero Giuseppe Scattareggia, alla Cultura Vincenzo Caruso e alla Pubblica ustruzione Roberto Vincenzo Trimarchi; il presidente della IV circoscrizione Alberto De Luca; il presidente di \u201cMessina Incentro\u201d Lino Santoro Amante; Davide Gambale portavoce dell\u2019associazione dei commercianti e alcuni imprenditori cittadini.<br \/>\nL\u2019iniziativa, promossa dall\u2019associazione dei commercianti \u201cMessina Incentro\u201d, in collaborazione con l\u2019Amministrazione comunale e sostenuta da sponsor privati, anche quest\u2019anno avr\u00e0 finalit\u00e0 benefiche sposando la causa del piccolo Dylan.<br \/>\n\u201cQuesta manifestazione \u2013 hanno evidenziato il sindaco e gli assessori presenti \u2013 \u00e8 espressione del connubio tra l\u2019Amministrazione comunale e quella parte dell\u2019imprenditoria messinese che sposa la citt\u00e0 e a lei si dedica, e decide che \u00e8 importante organizzare attivit\u00e0 che, al di l\u00e0 dell\u2019aspetto meramente commerciale, investano sul territorio anche pi\u00f9 di quello che potr\u00e0 essere il ritorno economico, perch\u00e9 questo tipo di iniziative ha<img loading=\"lazy\" class=\"size-medium wp-image-72171 alignright\" src=\"http:\/\/www.comunemessina.gov.it\/wp-content\/uploads\/natale2019-300x146.jpg\" alt=\"\" width=\"300\" height=\"146\" \/>sicuramente un aspetto commerciale ma ancor di pi\u00f9 ha una valenza sentimentale, espressione di un attaccamento di commercianti ed imprenditori messinesi che credono nella citt\u00e0, investono e decidono di dedicare le proprie finanze, economie ed energie alla realizzazione di un evento che poi contribuisce a dare a Messina quel clima natalizio che per tanti anni \u00e8 mancato probabilmente perch\u00e9 \u00e8 venuto meno questo spirito che si sta rianimando gi\u00e0 dallo scorso anno e si consolida quest\u2019anno con la manifestazione organizzata insieme alla Messina Incentro.<br \/>\nL\u2019Amministrazione non pu\u00f2 che apprezzare queste iniziative nelle quali vede coinvolta una parte dell\u2019imprenditoria forte, sana e vitale che ha desiderio di manifestare apprezzamento e attaccamento alla \u201cmaglia\u201d che nella fattispecie \u00e8 Messina.<br \/>\nAncora una volta piazza Cairoli \u00e8 al centro di appuntamenti come avvenuto in altre occasioni,\u00a0ma il nostro obiettivo \u00e8 coinvolgere tutta la citt\u00e0, dalle periferie ai luoghi pi\u00f9 frequentati\u201d.<br \/>\nIl programma delle iniziative a piazza Cairoli prender\u00e0 il via gioved\u00ec 5 con l\u2019apertura del \u201cParco Gastronomico\u201d, che offrir\u00e0 la possibilit\u00e0 di degustare le specialit\u00e0 messinesi; venerd\u00ec 7, si terr\u00e0 la tradizionale \u201cFesta dell\u2019Accensione\u201d dell\u2019albero di Natale e contestualmente saranno inaugurati il \u201cGiardino delle Luci\u201d, un\u2019ampia area dove saranno esposte luci artistiche in tema natalizio, la pista di pattinaggio e l\u2019area giochi per i pi\u00f9 piccoli.<br \/>\nDa marted\u00ec 10, si aprir\u00e0, per la prima volta a piazza Cairoli, il mercatino di Natale. Previsti numerosi eventi durante il periodo natalizio. Gioved\u00ec 26, sempre promosso dall\u2019Associazione \u201cMessina Incentro\u201d, la piazza si animer\u00e0 con il concerto gospel di Natale.<div id=\"div-gpt-ad-Messinaoggi.it-DSK-300x250-corpoart\" style=\"text-align:center;margin:0 auto;\"><\/div><\/p>\n<div id=\"videoincontent\" style=\"clear:both\";><\/div>","protected":false},"excerpt":{"rendered":"<p>Sono state illustrate, a Palazzo Zanca, le iniziative del \u201cNatale a Piazza Cairoli 2019, insieme per Dylan\u201d. All\u2019incontro hanno preso parte il sindaco Cateno De Luca; gli assessori alle Attivit\u00e0 produttive e Promozionali Dafne Musolino, allo Spettacolo e Tempo Libero Giuseppe Scattareggia, alla Cultura Vincenzo Caruso e alla Pubblica ustruzione Roberto Vincenzo Trimarchi; il presidente [&hellip;]<\/p>\n","protected":false},"author":4,"featured_media":38873,"comment_status":"closed","ping_status":"open","sticky":false,"template":"","format":"standard","meta":{"ub_ctt_via":"","_mi_skip_tracking":false},"categories":[6],"tags":[],"featured_image_src":"https:\/\/www.messinaoggi.it\/website\/wp-content\/uploads\/2019\/12\/IMG-20191202-WA0007.jpg","author_info":{"display_name":"redme","author_link":"https:\/\/www.messinaoggi.it\/website\/author\/redme\/"},"digistream_id":0,"digistream":false,"_links":{"self":[{"href":"https:\/\/www.messinaoggi.it\/website\/wp-json\/wp\/v2\/posts\/38871"}],"collection":[{"href":"https:\/\/www.messinaoggi.it\/website\/wp-json\/wp\/v2\/posts"}],"about":[{"href":"https:\/\/www.messinaoggi.it\/website\/wp-json\/wp\/v2\/types\/post"}],"author":[{"embeddable":true,"href":"https:\/\/www.messinaoggi.it\/website\/wp-json\/wp\/v2\/users\/4"}],"replies":[{"embeddable":true,"href":"https:\/\/www.messinaoggi.it\/website\/wp-json\/wp\/v2\/comments?post=38871"}],"version-history":[{"count":0,"href":"https:\/\/www.messinaoggi.it\/website\/wp-json\/wp\/v2\/posts\/38871\/revisions"}],"wp:featuredmedia":[{"embeddable":true,"href":"https:\/\/www.messinaoggi.it\/website\/wp-json\/wp\/v2\/media\/38873"}],"wp:attachment":[{"href":"https:\/\/www.messinaoggi.it\/website\/wp-json\/wp\/v2\/media?parent=38871"}],"wp:term":[{"taxonomy":"category","embeddable":true,"href":"https:\/\/www.messinaoggi.it\/website\/wp-json\/wp\/v2\/categories?post=38871"},{"taxonomy":"post_tag","embeddable":true,"href":"https:\/\/www.messinaoggi.it\/website\/wp-json\/wp\/v2\/tags?post=38871"}],"curies":[{"name":"wp","href":"https:\/\/api.w.org\/{rel}","templated":true}]}}