{"id":38854,"date":"2019-12-01T12:44:17","date_gmt":"2019-12-01T11:44:17","guid":{"rendered":"https:\/\/www.messinaoggi.it\/website\/?p=38854"},"modified":"2019-12-01T12:44:17","modified_gmt":"2019-12-01T11:44:17","slug":"caffe-barbera-accende-il-natale-solidale-dei-messinesi","status":"publish","type":"post","link":"https:\/\/www.messinaoggi.it\/website\/2019\/12\/01\/caffe-barbera-accende-il-natale-solidale-dei-messinesi\/","title":{"rendered":"Caff\u00e8 Barbera accende il Natale solidale dei messinesi"},"content":{"rendered":"<p>Cinquantamila led illumineranno piazza Cairoli e riscalderanno il cuore dei messinesi. Saranno installati su un albero vero alto 13 metri che arriver\u00e0 luned\u00ec notte dall\u2019Ungheria, dalla citt\u00e0 di Surd. Si tratta di un abete da coltivazione e non da bosco e quindi cresciuto in un vivaio che occupa circa 200 ettari. Una volta, la stessa piantagione in cui \u00e8 stato prodotto, si estendeva per oltre 800 ettari ma la richiesta di alberi in plastica (inquinanti) ha fatto si che l\u2019attivit\u00e0 si riducesse. A donarlo alla citt\u00e0 la Caff\u00e8 Barbera in sinergia con l\u2019associazione \u201cMessina in centro\u201d presieduta da Lino Santoro.<br \/>\nL\u2019albero, importato dal vivaio Emmanuele di Giarre, sar\u00e0 installato a piazza Cairoli luned\u00ec notte e sar\u00e0 smontato il 7 gennaio. Nulla di quel grosso abete sar\u00e0 buttato. La legna, circa 10 quintali, che sar\u00e0 ricavata dal taglio affidato agli stessi vivaisti, verr\u00e0 donata alle associazioni e alle istituzioni benefiche che ne faranno richiesta per accendere i propri camini.<br \/>\nLa cerimonia di accensione dell\u2019albero che \u00e8 stata fissata per sabato 7 dicembre alle 19 quest\u2019anno sar\u00e0 dedicata al piccolo Dylan, il bimbo colpito da una grave patologia, per il quale \u00e8 partita una gara di solidariet\u00e0 che ha coinvolto aziende e gente comune.<br \/>\nObiettivo: l\u2019acquisto di un\u2019auto speciale per il suo trasporto in carrozzella. Anche in questo caso la famiglia Barbera, che proprio nei giorni scorsi ha coinvolto in una sottoscrizione con un semplice messaggino decine di amici raccogliendo una somma che \u00e8 stata consegnata ufficialmente alla famiglia di Dylan nella chiesa di Santa Caterina, ha voluto dare un senso all\u2019iniziativa. Anche da piazza Cairoli sar\u00e0 dato spazio alla raccolta popolare per Dylan. Obiettivo: raggiungere quota cinquantamila euro.<div id=\"div-gpt-ad-Messinaoggi.it-DSK-300x250-corpoart\" style=\"text-align:center;margin:0 auto;\"><\/div><\/p>\n<div id=\"videoincontent\" style=\"clear:both\";><\/div>","protected":false},"excerpt":{"rendered":"<p>Cinquantamila led illumineranno piazza Cairoli e riscalderanno il cuore dei messinesi. Saranno installati su un albero vero alto 13 metri che arriver\u00e0 luned\u00ec notte dall\u2019Ungheria, dalla citt\u00e0 di Surd. Si tratta di un abete da coltivazione e non da bosco e quindi cresciuto in un vivaio che occupa circa 200 ettari. Una volta, la stessa [&hellip;]<\/p>\n","protected":false},"author":4,"featured_media":38858,"comment_status":"closed","ping_status":"open","sticky":false,"template":"","format":"standard","meta":{"ub_ctt_via":"","_mi_skip_tracking":false},"categories":[6],"tags":[],"featured_image_src":"https:\/\/www.messinaoggi.it\/website\/wp-content\/uploads\/2019\/12\/73390626_421961212073754_8809905125930827776_n.jpg","author_info":{"display_name":"redme","author_link":"https:\/\/www.messinaoggi.it\/website\/author\/redme\/"},"digistream_id":0,"digistream":false,"_links":{"self":[{"href":"https:\/\/www.messinaoggi.it\/website\/wp-json\/wp\/v2\/posts\/38854"}],"collection":[{"href":"https:\/\/www.messinaoggi.it\/website\/wp-json\/wp\/v2\/posts"}],"about":[{"href":"https:\/\/www.messinaoggi.it\/website\/wp-json\/wp\/v2\/types\/post"}],"author":[{"embeddable":true,"href":"https:\/\/www.messinaoggi.it\/website\/wp-json\/wp\/v2\/users\/4"}],"replies":[{"embeddable":true,"href":"https:\/\/www.messinaoggi.it\/website\/wp-json\/wp\/v2\/comments?post=38854"}],"version-history":[{"count":0,"href":"https:\/\/www.messinaoggi.it\/website\/wp-json\/wp\/v2\/posts\/38854\/revisions"}],"wp:featuredmedia":[{"embeddable":true,"href":"https:\/\/www.messinaoggi.it\/website\/wp-json\/wp\/v2\/media\/38858"}],"wp:attachment":[{"href":"https:\/\/www.messinaoggi.it\/website\/wp-json\/wp\/v2\/media?parent=38854"}],"wp:term":[{"taxonomy":"category","embeddable":true,"href":"https:\/\/www.messinaoggi.it\/website\/wp-json\/wp\/v2\/categories?post=38854"},{"taxonomy":"post_tag","embeddable":true,"href":"https:\/\/www.messinaoggi.it\/website\/wp-json\/wp\/v2\/tags?post=38854"}],"curies":[{"name":"wp","href":"https:\/\/api.w.org\/{rel}","templated":true}]}}