{"id":38788,"date":"2019-11-28T09:48:24","date_gmt":"2019-11-28T08:48:24","guid":{"rendered":"https:\/\/www.messinaoggi.it\/website\/?p=38788"},"modified":"2019-11-28T09:48:24","modified_gmt":"2019-11-28T08:48:24","slug":"anche-messina-avra-la-sua-zes-soddisfatto-de-luca","status":"publish","type":"post","link":"https:\/\/www.messinaoggi.it\/website\/2019\/11\/28\/anche-messina-avra-la-sua-zes-soddisfatto-de-luca\/","title":{"rendered":"Anche Messina avr\u00e0 la sua Zes: soddisfatto De Luca"},"content":{"rendered":"<p>\u00c8 ufficiale: anche il comune di Messina avr\u00e0 la sua Zona economica speciale (Zes). Infatti, il presidente dell\u2019Autorit\u00e0 Portuale dello Stretto, Mario Mega, ha comunicato al sindaco Cateno De Luca che \u00e8 stata approvata la relativa istanza presentata dal comune di Messina. In particolare, nella comunicazione inoltrata al primo cittadino si legge che \u201c<em>la cabina di regia della Zes ha preso atto della valutazione della Commissione che ha esaminato le richieste dei comuni. <strong>Tra le istanze approvate c&#8217;\u00e8 la richiesta del comune di Messina<\/strong> per l&#8217;innovation hub. \u00c8 stato rilevato che l&#8217;istanza \u00e8 stata ben motivata e coerente con il bando<\/em>\u201d.<br \/>\nSoddisfatto De Luca, per il quale la Zes a Messina &#8220;<em>\u00e8 una grande opportunit\u00e0 di crescita e di investimenti, nell&#8217;ottica del rilancio che l&#8217;attuale amministrazione ha intrapreso, in discontinuit\u00e0 con il passato. Con tale strumento innovativo che prevede agevolazioni fiscali per chi vuole puntare sul nostro territorio, di certo ci saranno condizioni migliori per promuovere uno sviluppo integrato e creare occupazione<\/em>&#8220;.<div id=\"div-gpt-ad-Messinaoggi.it-DSK-300x250-corpoart\" style=\"text-align:center;margin:0 auto;\"><\/div><\/p>\n<div id=\"videoincontent\" style=\"clear:both\";><\/div>","protected":false},"excerpt":{"rendered":"<p>\u00c8 ufficiale: anche il comune di Messina avr\u00e0 la sua Zona economica speciale (Zes). Infatti, il presidente dell\u2019Autorit\u00e0 Portuale dello Stretto, Mario Mega, ha comunicato al sindaco Cateno De Luca che \u00e8 stata approvata la relativa istanza presentata dal comune di Messina. In particolare, nella comunicazione inoltrata al primo cittadino si legge che \u201cla cabina [&hellip;]<\/p>\n","protected":false},"author":8,"featured_media":38789,"comment_status":"closed","ping_status":"open","sticky":false,"template":"","format":"standard","meta":{"ub_ctt_via":"","_mi_skip_tracking":false},"categories":[6],"tags":[],"featured_image_src":"https:\/\/www.messinaoggi.it\/website\/wp-content\/uploads\/2019\/11\/Immagine-Zes.jpg","author_info":{"display_name":"red..me","author_link":"https:\/\/www.messinaoggi.it\/website\/author\/redstage\/"},"digistream_id":0,"digistream":false,"_links":{"self":[{"href":"https:\/\/www.messinaoggi.it\/website\/wp-json\/wp\/v2\/posts\/38788"}],"collection":[{"href":"https:\/\/www.messinaoggi.it\/website\/wp-json\/wp\/v2\/posts"}],"about":[{"href":"https:\/\/www.messinaoggi.it\/website\/wp-json\/wp\/v2\/types\/post"}],"author":[{"embeddable":true,"href":"https:\/\/www.messinaoggi.it\/website\/wp-json\/wp\/v2\/users\/8"}],"replies":[{"embeddable":true,"href":"https:\/\/www.messinaoggi.it\/website\/wp-json\/wp\/v2\/comments?post=38788"}],"version-history":[{"count":0,"href":"https:\/\/www.messinaoggi.it\/website\/wp-json\/wp\/v2\/posts\/38788\/revisions"}],"wp:featuredmedia":[{"embeddable":true,"href":"https:\/\/www.messinaoggi.it\/website\/wp-json\/wp\/v2\/media\/38789"}],"wp:attachment":[{"href":"https:\/\/www.messinaoggi.it\/website\/wp-json\/wp\/v2\/media?parent=38788"}],"wp:term":[{"taxonomy":"category","embeddable":true,"href":"https:\/\/www.messinaoggi.it\/website\/wp-json\/wp\/v2\/categories?post=38788"},{"taxonomy":"post_tag","embeddable":true,"href":"https:\/\/www.messinaoggi.it\/website\/wp-json\/wp\/v2\/tags?post=38788"}],"curies":[{"name":"wp","href":"https:\/\/api.w.org\/{rel}","templated":true}]}}