{"id":38737,"date":"2019-11-26T10:09:36","date_gmt":"2019-11-26T09:09:36","guid":{"rendered":"https:\/\/www.messinaoggi.it\/website\/?p=38737"},"modified":"2019-11-26T10:09:36","modified_gmt":"2019-11-26T09:09:36","slug":"approvato-il-bilancio-di-amam-de-luca-adesso-il-rilancio-con-aumento-di-capitale","status":"publish","type":"post","link":"https:\/\/www.messinaoggi.it\/website\/2019\/11\/26\/approvato-il-bilancio-di-amam-de-luca-adesso-il-rilancio-con-aumento-di-capitale\/","title":{"rendered":"Approvato il bilancio di Amam, De Luca: &quot;Adesso il rilancio con aumento di capitale&quot;"},"content":{"rendered":"<p>\u201c<em>Finalmente \u00e8 stato possibile approvare il bilancio 2018 e ripianare il passivo derivato dalla svalutazione dei crediti causata da scellerate scelte del passato<\/em>\u201d. Cos\u00ec il sindaco Cateno De Luca dopo l\u2019approvazione di ieri del bilancio 2018 di Amam. \u201c<em>Azzerando il credito di circa 7 milioni di euro che il comune di Messina vantava nei confronti di Amam, <\/em>&#8211; prosegue De Luca &#8211;<em> \u00e8 stato possibile approvare il bilancio senza perdite<\/em>\u201d.<br \/>\n\u201c<em>Inoltre<\/em> &#8211; aggiunge il primo cittadino &#8211; <em>si \u00e8 deciso di restituire anche gli utili che Amam aveva gi\u00e0 versato al Comune, appianando anche quelli di previsione derivati dalle illecite scelte del precedente piano di riequilibrio finanziario\u201d<\/em>. L&#8217;Azienda beneficer\u00e0 di una ricapitalizzazione di ben 5 milioni di euro, in quanto ci\u00f2 si rende necessario, cos\u00ec come spiega De Luca, per garantire il rilancio di Amam: \u201c<em>Nell&#8217;ottica del ruolo che Amam deve avere per la gestione complessiva nell&#8217;ambito della provincia di Messina, <\/em>&#8211; spiega il sindaco &#8211;<em> \u00e8 stato deciso di ricapitalizzare con 5 milioni di euro l&#8217;azienda a fronte dei compiti che deve svolgere nella gestione del Servizio idrico<\/em>\u201d.<br \/>\n\u201c<em>Con queste risorse<\/em> &#8211; conclude De Luca &#8211; <em>Amam si potr\u00e0 occupare anche della gestione delle acque bianche, per risolvere i problemi che a Messina si verificano ad ogni pioggia, oltre che a sostenere gli ingenti investimenti per la ricerca idrica e la riqualificazione della rete di distribuzione con la messa a regime del serbatoio Montesanto<\/em>\u201d.<div id=\"div-gpt-ad-Messinaoggi.it-DSK-300x250-corpoart\" style=\"text-align:center;margin:0 auto;\"><\/div><\/p>\n<div id=\"videoincontent\" style=\"clear:both\";><\/div>","protected":false},"excerpt":{"rendered":"<p>\u201cFinalmente \u00e8 stato possibile approvare il bilancio 2018 e ripianare il passivo derivato dalla svalutazione dei crediti causata da scellerate scelte del passato\u201d. Cos\u00ec il sindaco Cateno De Luca dopo l\u2019approvazione di ieri del bilancio 2018 di Amam. \u201cAzzerando il credito di circa 7 milioni di euro che il comune di Messina vantava nei confronti [&hellip;]<\/p>\n","protected":false},"author":8,"featured_media":38738,"comment_status":"closed","ping_status":"open","sticky":false,"template":"","format":"standard","meta":{"ub_ctt_via":"","_mi_skip_tracking":false},"categories":[6],"tags":[],"featured_image_src":"https:\/\/www.messinaoggi.it\/website\/wp-content\/uploads\/2019\/11\/tavolo-approvazione-bilancio-amam-2018.jpg","author_info":{"display_name":"red..me","author_link":"https:\/\/www.messinaoggi.it\/website\/author\/redstage\/"},"digistream_id":0,"digistream":false,"_links":{"self":[{"href":"https:\/\/www.messinaoggi.it\/website\/wp-json\/wp\/v2\/posts\/38737"}],"collection":[{"href":"https:\/\/www.messinaoggi.it\/website\/wp-json\/wp\/v2\/posts"}],"about":[{"href":"https:\/\/www.messinaoggi.it\/website\/wp-json\/wp\/v2\/types\/post"}],"author":[{"embeddable":true,"href":"https:\/\/www.messinaoggi.it\/website\/wp-json\/wp\/v2\/users\/8"}],"replies":[{"embeddable":true,"href":"https:\/\/www.messinaoggi.it\/website\/wp-json\/wp\/v2\/comments?post=38737"}],"version-history":[{"count":0,"href":"https:\/\/www.messinaoggi.it\/website\/wp-json\/wp\/v2\/posts\/38737\/revisions"}],"wp:featuredmedia":[{"embeddable":true,"href":"https:\/\/www.messinaoggi.it\/website\/wp-json\/wp\/v2\/media\/38738"}],"wp:attachment":[{"href":"https:\/\/www.messinaoggi.it\/website\/wp-json\/wp\/v2\/media?parent=38737"}],"wp:term":[{"taxonomy":"category","embeddable":true,"href":"https:\/\/www.messinaoggi.it\/website\/wp-json\/wp\/v2\/categories?post=38737"},{"taxonomy":"post_tag","embeddable":true,"href":"https:\/\/www.messinaoggi.it\/website\/wp-json\/wp\/v2\/tags?post=38737"}],"curies":[{"name":"wp","href":"https:\/\/api.w.org\/{rel}","templated":true}]}}