{"id":38716,"date":"2019-11-25T12:44:32","date_gmt":"2019-11-25T11:44:32","guid":{"rendered":"https:\/\/www.messinaoggi.it\/website\/?p=38716"},"modified":"2019-11-25T12:44:32","modified_gmt":"2019-11-25T11:44:32","slug":"insulta-il-sindaco-e-lancia-limmondizia-dal-balcone-indentificato-il-responsabile","status":"publish","type":"post","link":"https:\/\/www.messinaoggi.it\/website\/2019\/11\/25\/insulta-il-sindaco-e-lancia-limmondizia-dal-balcone-indentificato-il-responsabile\/","title":{"rendered":"Insulta il sindaco e lancia l&#039;immondizia dal balcone: identificato"},"content":{"rendered":"<p style=\"text-align: justify;\">Da ieri pomeriggio spopola sui social il video di un uomo del rione di Mangialupi che, dopo aver proferito pesanti insulti nei confronti del sindaco Cateno De Luca, lancia da un balcone, presumibilmente della propria abitazione, un sacco di immondizia per poi centrare un cassonetto della Rsu. Il video \u00e8 stato infatti rilanciato dallo stesso primo cittadino sulla sua pagina Facebook, spiegando che avrebbe denunciato tale episodio alla Polizia giudiziaria.<div id=\"div-gpt-ad-Messinaoggi.it-DSK-300x250-corpoart\" style=\"text-align:center;margin:0 auto;\"><\/div><\/p>\n<p>https:\/\/www.facebook.com\/delucasindacodimessina\/videos\/vb.148435169066373\/2489538904626668\/?type=3&#038;theater<div id=\"videoincontent\" style=\"clear:both\";><\/div><\/p>\n<p style=\"text-align: justify;\">Adesso l&#8217;uomo \u00e8 stato identificato, ed \u00e8 stato denunciato a piede libero. In particolare, stiamo parlando di un 44enne gi\u00e0 noto alle forze dell&#8217;ordine, che \u00e8 stato denunciato per i reati di oltraggio e lancio di oggetti pericolosi.<\/p>\n","protected":false},"excerpt":{"rendered":"<p>Da ieri pomeriggio spopola sui social il video di un uomo del rione di Mangialupi che, dopo aver proferito pesanti insulti nei confronti del sindaco Cateno De Luca, lancia da un balcone, presumibilmente della propria abitazione, un sacco di immondizia per poi centrare un cassonetto della Rsu. Il video \u00e8 stato infatti rilanciato dallo stesso [&hellip;]<\/p>\n","protected":false},"author":8,"featured_media":38717,"comment_status":"closed","ping_status":"open","sticky":false,"template":"","format":"standard","meta":{"ub_ctt_via":"","_mi_skip_tracking":false},"categories":[6],"tags":[],"featured_image_src":"https:\/\/www.messinaoggi.it\/website\/wp-content\/uploads\/2019\/11\/lancio-immondia-dal-balcone.jpg","author_info":{"display_name":"red..me","author_link":"https:\/\/www.messinaoggi.it\/website\/author\/redstage\/"},"digistream_id":0,"digistream":false,"_links":{"self":[{"href":"https:\/\/www.messinaoggi.it\/website\/wp-json\/wp\/v2\/posts\/38716"}],"collection":[{"href":"https:\/\/www.messinaoggi.it\/website\/wp-json\/wp\/v2\/posts"}],"about":[{"href":"https:\/\/www.messinaoggi.it\/website\/wp-json\/wp\/v2\/types\/post"}],"author":[{"embeddable":true,"href":"https:\/\/www.messinaoggi.it\/website\/wp-json\/wp\/v2\/users\/8"}],"replies":[{"embeddable":true,"href":"https:\/\/www.messinaoggi.it\/website\/wp-json\/wp\/v2\/comments?post=38716"}],"version-history":[{"count":0,"href":"https:\/\/www.messinaoggi.it\/website\/wp-json\/wp\/v2\/posts\/38716\/revisions"}],"wp:featuredmedia":[{"embeddable":true,"href":"https:\/\/www.messinaoggi.it\/website\/wp-json\/wp\/v2\/media\/38717"}],"wp:attachment":[{"href":"https:\/\/www.messinaoggi.it\/website\/wp-json\/wp\/v2\/media?parent=38716"}],"wp:term":[{"taxonomy":"category","embeddable":true,"href":"https:\/\/www.messinaoggi.it\/website\/wp-json\/wp\/v2\/categories?post=38716"},{"taxonomy":"post_tag","embeddable":true,"href":"https:\/\/www.messinaoggi.it\/website\/wp-json\/wp\/v2\/tags?post=38716"}],"curies":[{"name":"wp","href":"https:\/\/api.w.org\/{rel}","templated":true}]}}