{"id":38701,"date":"2019-11-25T08:14:07","date_gmt":"2019-11-25T07:14:07","guid":{"rendered":"https:\/\/www.messinaoggi.it\/website\/?p=38701"},"modified":"2019-11-25T08:14:07","modified_gmt":"2019-11-25T07:14:07","slug":"cittadinanza-onoraria-a-la-paglia-piovono-le-critiche-della-uil-ha-chiuso-il-punto-nascita-di-santagata-militello","status":"publish","type":"post","link":"https:\/\/www.messinaoggi.it\/website\/2019\/11\/25\/cittadinanza-onoraria-a-la-paglia-piovono-le-critiche-della-uil-ha-chiuso-il-punto-nascita-di-santagata-militello\/","title":{"rendered":"Cittadinanza onoraria a La Paglia, piovono le critiche della Uil: &quot;Ha chiuso il Punto nascita di Sant&#039;Agata Militello&quot;"},"content":{"rendered":"<p class=\"p1\"><span class=\"s1\">\u201cSi rimane sbalorditi nell\u2019apprendere che la Giunta Comunale di Acquedolci ha deliberato la proposta di conferimento della cittadinanza onoraria al dott. Paolo La Paglia, direttore generale dell\u2019ASP di Messina, proprio nei giorni in cui migliaia di cittadini affollano i banchetti organizzati dalla UIL e dal Comitato \u201cNo alla chiusura del Punto Nascita\u201d per apporre la firma ed esprimere la propria indignazione per la sospensione dell\u2019attivit\u00e0 del Punto Nascita dell\u2019ospedale di S. Agata Militello\u201d.<\/span><div id=\"div-gpt-ad-Messinaoggi.it-DSK-300x250-corpoart\" style=\"text-align:center;margin:0 auto;\"><\/div><\/p>\n<p class=\"p1\"><span class=\"s1\">Lo scrivono in una nota stampa il Presidente del Comitato \u201cNo alla chiusura del Punto Nascita\u201d, Antonio Mario Russo, Giuseppe Calapai, Segretario Generale UIL FPL Messina e Mario Salvatore Macr\u00ec, Coord. Prov.le Area Medica UIL FPL Messina. \u00a0\u00a0\u00a0\u00a0\u00a0\u00a0\u00a0\u00a0\u00a0\u00a0\u00a0\u00a0\u00a0\u00a0\u00a0\u00a0\u00a0\u00a0\u00a0\u00a0\u00a0\u00a0\u00a0\u00a0\u00a0\u00a0\u00a0\u00a0\u00a0\u00a0\u00a0\u00a0\u00a0\u00a0<\/span><div id=\"videoincontent\" style=\"clear:both\";><\/div><\/p>\n<p class=\"p1\"><span class=\"s1\">\u201cRicordiamo che meno di due mesi fa, il D.G. dell\u2019ASP ha condiviso la decisione del direttore medico dell\u2019ospedale di sospendere l\u2019attivit\u00e0 per carenza di requisiti strutturali e di sicurezza; tale valutazione \u00e8 stata smentita dal commissario ad acta, dott. Angelo Pellican\u00f2 &#8211; nominato dall\u2019assessore regionale della salute, Ruggero Razza, cos\u00ec esautorando il D.G.- che ha dichiarato l\u2019insussistenza di problemi strutturali e di sicurezza bens\u00ec di organizzazione ed, in particolare, la carenza di medici che impedisce la piena funzionalit\u00e0 del Punto Nascita; cio\u00e8 di problematiche che attengono al manager aziendale e che, evidentemente prima da commissario e poi da D.G. non \u00e8 stato in grado di affrontare, neanche dopo le sollecitazioni dell\u2019assessore che aveva assicurato ad una delegazione del M5S che avrebbe dato disposizioni all\u2019ASP di trovare le professionalit\u00e0 necessarie per la riapertura. Ci auguriamo che l\u2019intero Consiglio Comunale di Acquedolci, cui spetta la decisione finale, abbia un sussulto di dignit\u00e0 e di orgoglio e respinga la proposta che, se approvata, rappresenterebbe uno schiaffo ed una vergogna per le popolazioni dei Nebrodi ed, in particolare, per le donne costrette a partorire in altri ospedali, che sottoscrivendo la petizione popolare chiedono servizi pi\u00f9 efficienti, Purtroppo, ai cittadini sfuggono i grandi meriti del dott. La Paglia e le occasioni in cui \u201cha dimostrato di avere a cuore le sorti dell\u2019ospedale di S. Agata Militello\u201d mentre hanno presente i disagi a cui devono sottoporsi le partorienti e le loro famiglie per recarsi in altri ospedali, e percepiscono in maniera inequivoca la volont\u00e0 di smantellare il P.O. con la chiusura del Punto Nascita e la mancata attivazione di unit\u00e0 operative, pur previste nel decreto di rimodulazione della rete ospedaliera quali l\u2019UTIC, la Neurologia e la Lungodegenza che l\u2019atto aziendale subordina alla disponibilit\u00e0 di risorse finanziarie e la cui attivazione, pertanto, appare abbastanza problematica. Conferire la cittadinanza onoraria al manager della sanit\u00e0 messinese che sta operando per ridimensionare i servizi sanitari nel territorio dei Nebrodi, da parte di un comune ricadente nel medesimo territorio, non solo fa indignare ma spinge alla ribellione. E\u2019 assolutamente imbarazzante l\u2019iperattivismo del dott. Salvatore Oriti, vice sindaco e medico del P.O. di S.Agata Militello, inziato l\u2019indomani della sospensione dell\u2019attivit\u00e0 del Punto Nascita con la proposta di conferire la cittadinanza onoraria al dott. La Paglia e fa sorgere molti sospetti sui reali obiettivi anche perch\u00e9 nessun cittadino, compresi quelli di Acquedolci che numerosi hanno<\/span><span class=\"s2\"> sottoscritto la petizione, ha percepito <\/span><span class=\"s1\">i grandi meriti di La Paglia per cui attendiamo che il sindaco della cittadina voglia illuminarci sulle motivazioni che l\u2019hanno spinto a tale decisione e, soprattutto, sull\u2019operato del D.G. in ordine all\u2019adozione di \u2018provvedimenti concreti in linea con i fabbisogni del territorio\u2019. A che pro e per quali meriti, quindi, la cittadinanza onoraria. Infine, chiediamo che venga resa pubblica la relazione conclusiva del commissario ad acta e le relative proposte sul Punto Nascita. La UIL ed il Comitato continueranno la battaglia a difesa del Punto Nascita per garantire la salvezza della vita delle gravide e dei nascituri\u201d.<\/span><\/p>\n<p class=\"p1\"><span class=\"s1\">Conclude la nota del presidente del Comitato \u201cNo alla chiusura del Punto Nascita\u201d, e dei sindacalisti della Uil-Fpl.<\/span><\/p>\n","protected":false},"excerpt":{"rendered":"<p>\u201cSi rimane sbalorditi nell\u2019apprendere che la Giunta Comunale di Acquedolci ha deliberato la proposta di conferimento della cittadinanza onoraria al dott. Paolo La Paglia, direttore generale dell\u2019ASP di Messina, proprio nei giorni in cui migliaia di cittadini affollano i banchetti organizzati dalla UIL e dal Comitato \u201cNo alla chiusura del Punto Nascita\u201d per apporre la [&hellip;]<\/p>\n","protected":false},"author":2,"featured_media":29829,"comment_status":"closed","ping_status":"open","sticky":false,"template":"","format":"standard","meta":{"ub_ctt_via":"","_mi_skip_tracking":false},"categories":[13,18],"tags":[],"featured_image_src":"https:\/\/www.messinaoggi.it\/website\/wp-content\/uploads\/2019\/02\/paolo-la-paglia-commissario-asp-messina.jpg","author_info":{"display_name":"Redazione","author_link":"https:\/\/www.messinaoggi.it\/website\/author\/redazione\/"},"digistream_id":0,"digistream":false,"_links":{"self":[{"href":"https:\/\/www.messinaoggi.it\/website\/wp-json\/wp\/v2\/posts\/38701"}],"collection":[{"href":"https:\/\/www.messinaoggi.it\/website\/wp-json\/wp\/v2\/posts"}],"about":[{"href":"https:\/\/www.messinaoggi.it\/website\/wp-json\/wp\/v2\/types\/post"}],"author":[{"embeddable":true,"href":"https:\/\/www.messinaoggi.it\/website\/wp-json\/wp\/v2\/users\/2"}],"replies":[{"embeddable":true,"href":"https:\/\/www.messinaoggi.it\/website\/wp-json\/wp\/v2\/comments?post=38701"}],"version-history":[{"count":0,"href":"https:\/\/www.messinaoggi.it\/website\/wp-json\/wp\/v2\/posts\/38701\/revisions"}],"wp:featuredmedia":[{"embeddable":true,"href":"https:\/\/www.messinaoggi.it\/website\/wp-json\/wp\/v2\/media\/29829"}],"wp:attachment":[{"href":"https:\/\/www.messinaoggi.it\/website\/wp-json\/wp\/v2\/media?parent=38701"}],"wp:term":[{"taxonomy":"category","embeddable":true,"href":"https:\/\/www.messinaoggi.it\/website\/wp-json\/wp\/v2\/categories?post=38701"},{"taxonomy":"post_tag","embeddable":true,"href":"https:\/\/www.messinaoggi.it\/website\/wp-json\/wp\/v2\/tags?post=38701"}],"curies":[{"name":"wp","href":"https:\/\/api.w.org\/{rel}","templated":true}]}}