{"id":38665,"date":"2019-11-23T12:04:01","date_gmt":"2019-11-23T11:04:01","guid":{"rendered":"https:\/\/www.messinaoggi.it\/website\/?p=38665"},"modified":"2019-11-23T12:04:01","modified_gmt":"2019-11-23T11:04:01","slug":"da-siamo-europei-ad-azione-e-nato-il-comitato-messinese-del-partito-di-calenda","status":"publish","type":"post","link":"https:\/\/www.messinaoggi.it\/website\/2019\/11\/23\/da-siamo-europei-ad-azione-e-nato-il-comitato-messinese-del-partito-di-calenda\/","title":{"rendered":"Da \u201cSiamo Europei\u201d ad \u201cAzione\u201d: \u00e8 nato il comitato messinese del partito di Calenda"},"content":{"rendered":"<p style=\"text-align: justify\">Mercoled\u00ec scorso l\u2019ex ministro e attuale eurodeputato eletto col Pd Carlo Calenda ha fondato il partito \u201cAzione\u201d, le cui radici culturali sono \u201cquelle del liberalismo sociale e del popolarismo di Sturzo\u201d, cos\u00ec come si legge tra le prime righe del suo manifesto. Il partito nasce a seguito della fuoriuscita di Calenda dal Pd, dopo che quest\u2019ultimo decise di formare col Movimento 5 Stelle un nuovo esecutivo guidato dall\u2019attuale premier Giuseppe Conte. Infatti, il fondatore di Azione \u00e8 stato sempre contrario a un qualsiasi tipo di alleanza col Movimento 5 Stelle e, pi\u00f9 in generale, con un qualunque partito di matrice populista o sovranista, in quanto allearsi con tali forze politiche non farebbe altro che legittimarle agli occhi degli elettori. Per questo motivo, l\u2019obiettivo di Azione \u00e8 quello di diventare \u201cil pilastro di un grande Fronte Repubblicano e Democratico capace di ricacciare populisti e sovranisti ai margini del sistema politico\u201d, cos\u00ec come si legge alla fine del manifesto della nuova formazione politica.<div id=\"div-gpt-ad-Messinaoggi.it-DSK-300x250-corpoart\" style=\"text-align:center;margin:0 auto;\"><\/div><\/p>\n<p style=\"text-align: justify\">A Messina la costituzione del comitato di Azione \u00e8 stata pressoch\u00e9 immediata, soprattutto perch\u00e9 Azione rappresenta la naturale evoluzione di \u201cSiamo Europei\u201d, movimento politico fondato sempre da Calenda in occasione delle europee dello scorso maggio e che allora si present\u00f2 in una lista comune col Pd per contrastare l\u2019avanzata dei populisti e dei sovranisti a Bruxelles. Infatti, appena qualche mese fa, e in particolare agli inizi di settembre, a Messina venne costituito il comitato di Siamo Europei, che sino ad oggi \u00e8 stato coordinato dal ventisettenne messinese Fabrizio Provenzano, che adesso sar\u00e0 il referente del comitato di Azione.<div id=\"videoincontent\" style=\"clear:both\";><\/div><\/p>\n<blockquote class=\"wp-embedded-content\" data-secret=\"ZCAmMEb2DN\"><p><a href=\"https:\/\/www.messinaoggi.it\/website\/2019\/09\/09\/siamo-europei-nasce-a-messina-il-comitato-del-movimento-di-calenda\/\">Siamo Europei, nasce a Messina il comitato del movimento di Calenda<\/a><\/p><\/blockquote>\n<p><iframe class=\"wp-embedded-content\" sandbox=\"allow-scripts\" security=\"restricted\" style=\"position: absolute; clip: rect(1px, 1px, 1px, 1px);\" title=\"&#8220;Siamo Europei, nasce a Messina il comitato del movimento di Calenda&#8221; &#8212; Messina Oggi\" src=\"https:\/\/www.messinaoggi.it\/website\/2019\/09\/09\/siamo-europei-nasce-a-messina-il-comitato-del-movimento-di-calenda\/embed\/#?secret=ZCAmMEb2DN\" data-secret=\"ZCAmMEb2DN\" width=\"500\" height=\"282\" frameborder=\"0\" marginwidth=\"0\" marginheight=\"0\" scrolling=\"no\"><\/iframe><\/p>\n<p style=\"text-align: justify\">\u201cCambiano il nome e il logo, ma i progetti, gli obiettivi e il desiderio di assumersi un\u2019importante responsabilit\u00e0 morale e politica sono elementi che resteranno invariati nei propositi del gruppo messinese\u201d, spiega Provenzano, che poi aggiunge: \u201cSe da un lato rimane costante l\u2019interesse per l\u2019apertura all\u2019orizzonte europeo, dall\u2019altro cerchiamo di declinare questo europeismo in chiave messinese, per ricucire lo scollamento tra l\u2019Europa e la citt\u00e0 dello Stretto, tra la cittadinanza e la politica ad ogni livello, dal contesto peloritano a quello comunitario\u201d. In particolare, \u201csinora abbiamo aderito a svariate attivit\u00e0 cittadine, come la marcia a favore del popolo curdo organizzata dalla Rete Kurdistan, e abbiamo sostenuto iniziative a difesa della cultura, come quelle organizzate dal Museo Regionale di Messina. Ulteriori progetti sono invece previsti per il 2020, quando il partito messinese organizzer\u00e0 autonomamente eventi culturali con ospiti di rilievo istituzionale internazionale\u201d.<\/p>\n<div id=\"attachment_38668\" style=\"width: 778px\" class=\"wp-caption alignnone\"><a href=\"https:\/\/www.messinaoggi.it\/website\/wp-content\/uploads\/2019\/11\/Fabrizio-Provenzano-Messina-in-Azione.jpeg\"><img aria-describedby=\"caption-attachment-38668\" loading=\"lazy\" class=\"wp-image-38668 size-full\" src=\"https:\/\/www.messinaoggi.it\/website\/wp-content\/uploads\/2019\/11\/Fabrizio-Provenzano-Messina-in-Azione.jpeg\" alt=\"\" width=\"768\" height=\"1024\" \/><\/a><p id=\"caption-attachment-38668\" class=\"wp-caption-text\">Fabrizio Provenzano<\/p><\/div>\n<p style=\"text-align: justify\">\u201cIl sistema socio-economico del Paese \u00e8 stato da anni costretto al palo della stagnazione, dell\u2019inefficienza e della crescita mancata, \u2013 prosegue Provenzano \u2013 fattori che non rispecchiano a pieno le potenzialit\u00e0 e le eccellenze che contraddistinguono l\u2019Italia, dato che ci sono invidiate e sono acquisite dai mercati del lavoro di altre nazioni. Noi cerchiamo di crescere in numero, competenze, opportunit\u00e0 di dialogo e occasioni di impegno attivo al cambiamento. Attualmente siamo il gruppo siciliano pi\u00f9 numeroso e il successo che stiamo riscuotendo \u00e8 un chiaro segnale che c\u2019\u00e8 voglia di cambiamento in citt\u00e0. Noi accompagneremo questo desiderio e lo aiuteremo a diventare una realt\u00e0 a beneficio di tutti\u201d.<\/p>\n","protected":false},"excerpt":{"rendered":"<p>Mercoled\u00ec scorso l\u2019ex ministro e attuale eurodeputato eletto col Pd Carlo Calenda ha fondato il partito \u201cAzione\u201d, le cui radici culturali sono \u201cquelle del liberalismo sociale e del popolarismo di Sturzo\u201d, cos\u00ec come si legge tra le prime righe del suo manifesto. Il partito nasce a seguito della fuoriuscita di Calenda dal Pd, dopo che [&hellip;]<\/p>\n","protected":false},"author":10,"featured_media":38669,"comment_status":"closed","ping_status":"open","sticky":false,"template":"","format":"standard","meta":{"ub_ctt_via":"","_mi_skip_tracking":false},"categories":[4],"tags":[],"featured_image_src":"https:\/\/www.messinaoggi.it\/website\/wp-content\/uploads\/2019\/11\/logo-azione-calenda.png","author_info":{"display_name":"Paolo Mustica","author_link":"https:\/\/www.messinaoggi.it\/website\/author\/p-mustica\/"},"digistream_id":0,"digistream":false,"_links":{"self":[{"href":"https:\/\/www.messinaoggi.it\/website\/wp-json\/wp\/v2\/posts\/38665"}],"collection":[{"href":"https:\/\/www.messinaoggi.it\/website\/wp-json\/wp\/v2\/posts"}],"about":[{"href":"https:\/\/www.messinaoggi.it\/website\/wp-json\/wp\/v2\/types\/post"}],"author":[{"embeddable":true,"href":"https:\/\/www.messinaoggi.it\/website\/wp-json\/wp\/v2\/users\/10"}],"replies":[{"embeddable":true,"href":"https:\/\/www.messinaoggi.it\/website\/wp-json\/wp\/v2\/comments?post=38665"}],"version-history":[{"count":0,"href":"https:\/\/www.messinaoggi.it\/website\/wp-json\/wp\/v2\/posts\/38665\/revisions"}],"wp:featuredmedia":[{"embeddable":true,"href":"https:\/\/www.messinaoggi.it\/website\/wp-json\/wp\/v2\/media\/38669"}],"wp:attachment":[{"href":"https:\/\/www.messinaoggi.it\/website\/wp-json\/wp\/v2\/media?parent=38665"}],"wp:term":[{"taxonomy":"category","embeddable":true,"href":"https:\/\/www.messinaoggi.it\/website\/wp-json\/wp\/v2\/categories?post=38665"},{"taxonomy":"post_tag","embeddable":true,"href":"https:\/\/www.messinaoggi.it\/website\/wp-json\/wp\/v2\/tags?post=38665"}],"curies":[{"name":"wp","href":"https:\/\/api.w.org\/{rel}","templated":true}]}}