{"id":38658,"date":"2019-11-23T10:42:21","date_gmt":"2019-11-23T09:42:21","guid":{"rendered":"https:\/\/www.messinaoggi.it\/website\/?p=38658"},"modified":"2019-11-23T10:42:21","modified_gmt":"2019-11-23T09:42:21","slug":"mensa-scolastica-chiusa-dai-nas","status":"publish","type":"post","link":"https:\/\/www.messinaoggi.it\/website\/2019\/11\/23\/mensa-scolastica-chiusa-dai-nas\/","title":{"rendered":"Mensa scolastica chiusa dai Nas"},"content":{"rendered":"<p>Recentemente i carabinieri del Nas di Catania hanno realizzato dei controlli presso una mensa scolastica della citt\u00e0, al fine di verificare se questa fosse effettivamente in regola sotto ogni profilo, sia quello igienico-sanitario che quello amministrativo. Si tratta di verifiche che focalizzano l\u2019attenzione non solo sulle condizioni igienico-sanitarie delle strutture in cui viene preparato e confezionato il cibo, ma anche sull\u2019esatta applicazione delle procedure in materia di sicurezza alimentare. Ebbene, presso l&#8217;istituto scolastico in questione \u00e8 emerso che il servizio mensa veniva svolto in modo del tutto irregolare.<br \/>\nInnanzitutto, mancava la registrazione sanitaria, cio\u00e8 il documento fondamentale che legittima ogni operatore del settore alimentare affinch\u00e9 possa esercitare qualsiasi attivit\u00e0 di produzione o somministrazione di alimenti. Le criticit\u00e0 rilevate sono state anche altre e, tra queste, quelle legate alle condizioni igieniche dei locali utilizzati per approntare e somministrare i pasti, confezionati presso laboratorio esterno all\u2019edificio scolastico e a cura della ditta affidataria del servizio di ristorazione.<br \/>\nPer tali ragioni, a tutela degli studenti frequentatori, \u00e8 stata disposta la sospensione dell\u2019attivit\u00e0 e la chiusura immediata della mensa, in attesa di provvedimenti prescrittivi impartiti dall\u2019autorit\u00e0 sanitaria e finalizzati all\u2019urgente ripristino delle condizioni ottimali.<br \/>\nI controlli dei carabinieri proseguiranno anche nell\u2019intera provincia messinese, e in particolar modo nelle scuole a servizio dei centri abitati pi\u00f9 piccoli e isolati dove la distanza percorsa quotidianamente dagli studenti non pone alternative alla fruizione del servizio di refezione scolastica.<br \/>\nLe verifiche saranno estese anche ai centri di preparazione pasti esterni gestiti da privati, a seguito di aggiudicazione di gare, formula ormai sempre pi\u00f9 utilizzata nel settore della refezione scolastica.<div id=\"div-gpt-ad-Messinaoggi.it-DSK-300x250-corpoart\" style=\"text-align:center;margin:0 auto;\"><\/div><\/p>\n<div id=\"videoincontent\" style=\"clear:both\";><\/div>","protected":false},"excerpt":{"rendered":"<p>Recentemente i carabinieri del Nas di Catania hanno realizzato dei controlli presso una mensa scolastica della citt\u00e0, al fine di verificare se questa fosse effettivamente in regola sotto ogni profilo, sia quello igienico-sanitario che quello amministrativo. Si tratta di verifiche che focalizzano l\u2019attenzione non solo sulle condizioni igienico-sanitarie delle strutture in cui viene preparato e [&hellip;]<\/p>\n","protected":false},"author":8,"featured_media":38659,"comment_status":"closed","ping_status":"open","sticky":false,"template":"","format":"standard","meta":{"ub_ctt_via":"","_mi_skip_tracking":false},"categories":[6],"tags":[],"featured_image_src":"https:\/\/www.messinaoggi.it\/website\/wp-content\/uploads\/2019\/11\/carabinieri-nas-alimenti-777x437-1.jpg","author_info":{"display_name":"red..me","author_link":"https:\/\/www.messinaoggi.it\/website\/author\/redstage\/"},"digistream_id":0,"digistream":false,"_links":{"self":[{"href":"https:\/\/www.messinaoggi.it\/website\/wp-json\/wp\/v2\/posts\/38658"}],"collection":[{"href":"https:\/\/www.messinaoggi.it\/website\/wp-json\/wp\/v2\/posts"}],"about":[{"href":"https:\/\/www.messinaoggi.it\/website\/wp-json\/wp\/v2\/types\/post"}],"author":[{"embeddable":true,"href":"https:\/\/www.messinaoggi.it\/website\/wp-json\/wp\/v2\/users\/8"}],"replies":[{"embeddable":true,"href":"https:\/\/www.messinaoggi.it\/website\/wp-json\/wp\/v2\/comments?post=38658"}],"version-history":[{"count":0,"href":"https:\/\/www.messinaoggi.it\/website\/wp-json\/wp\/v2\/posts\/38658\/revisions"}],"wp:featuredmedia":[{"embeddable":true,"href":"https:\/\/www.messinaoggi.it\/website\/wp-json\/wp\/v2\/media\/38659"}],"wp:attachment":[{"href":"https:\/\/www.messinaoggi.it\/website\/wp-json\/wp\/v2\/media?parent=38658"}],"wp:term":[{"taxonomy":"category","embeddable":true,"href":"https:\/\/www.messinaoggi.it\/website\/wp-json\/wp\/v2\/categories?post=38658"},{"taxonomy":"post_tag","embeddable":true,"href":"https:\/\/www.messinaoggi.it\/website\/wp-json\/wp\/v2\/tags?post=38658"}],"curies":[{"name":"wp","href":"https:\/\/api.w.org\/{rel}","templated":true}]}}