{"id":38635,"date":"2019-11-22T12:11:07","date_gmt":"2019-11-22T11:11:07","guid":{"rendered":"https:\/\/www.messinaoggi.it\/website\/?p=38635"},"modified":"2019-11-22T12:11:07","modified_gmt":"2019-11-22T11:11:07","slug":"strage-in-fabbrica-il-cordoglio-di-de-luca-e-cardile","status":"publish","type":"post","link":"https:\/\/www.messinaoggi.it\/website\/2019\/11\/22\/strage-in-fabbrica-il-cordoglio-di-de-luca-e-cardile\/","title":{"rendered":"Strage in fabbrica, il cordoglio di De Luca e Cardile"},"content":{"rendered":"<p><span style=\"font-family: 'Arial',sans-serif\">Anche il sindaco metropolitano Cateno De Luca e il presidente del Consiglio comunale di Messina Claudio Cardile si stringono al dolore delle comunit\u00e0 e delle famiglie coinvolte nella tragedia che si \u00e8 verificata mercoled\u00ec scorso nel deposito della fabbrica di giochi pirotecnici Costa i<span class=\"textexposedshow\">n contrada Femminamorta a Barcellona Pozzo di Gotto, in cui hanno trovato tragica morte Venera Mazzeo, Vito Mazzeo, Giovanni Testaverde, Fortunato Porcino e Moahmed Taeher Mannai, mentre manifestano grande preoccupazione per le sorti dei due feriti Antonio Costa e di Antonino Bagnato. <\/span><\/span><div id=\"div-gpt-ad-Messinaoggi.it-DSK-300x250-corpoart\" style=\"text-align:center;margin:0 auto;\"><\/div><\/p>\n<blockquote class=\"wp-embedded-content\" data-secret=\"a71ycjbHU2\"><p><a href=\"https:\/\/www.messinaoggi.it\/website\/2019\/11\/21\/carneficina-esplosione-in-fabbrica-di-fuochi-dartificio-ci-sono-5-morti-e-2-feriti-gravissimi\/\">Scenario post-bellico nella fabbrica-killer<\/a><div id=\"videoincontent\" style=\"clear:both\";><\/div><\/p><\/blockquote>\n<p><iframe class=\"wp-embedded-content\" sandbox=\"allow-scripts\" security=\"restricted\" style=\"position: absolute; clip: rect(1px, 1px, 1px, 1px);\" title=\"&#8220;Scenario post-bellico nella fabbrica-killer&#8221; &#8212; Messina Oggi\" src=\"https:\/\/www.messinaoggi.it\/website\/2019\/11\/21\/carneficina-esplosione-in-fabbrica-di-fuochi-dartificio-ci-sono-5-morti-e-2-feriti-gravissimi\/embed\/#?secret=a71ycjbHU2\" data-secret=\"a71ycjbHU2\" width=\"500\" height=\"282\" frameborder=\"0\" marginwidth=\"0\" marginheight=\"0\" scrolling=\"no\"><\/iframe><br \/>\n<span class=\"textexposedshow\"><span style=\"font-family: 'Arial',sans-serif\">\u201c<em>In questo momento di grande dolore il nostro pensiero \u00e8 rivolto anche alle famiglie delle persone che hanno trovato la morte durante un giorno di lavoro, rendendo ancora pi\u00f9 drammatica questa tragica fatalit\u00e0.<\/em> \u2013 si legge in una nota a firma di De Luca e Cardile \u2013 <em>L\u2019espressione di cordoglio che rivolgiamo alle comunit\u00e0 di Barcellona Pozzo di Gotto e di Mer\u00ec, ai rispettivi sindaci e alle istituzioni cittadine, ci impone una riflessione sull\u2019assoluto valore della vita e sul mistero della morte, accompagnando i nostri fratelli nel loro passaggio alla vita che verr\u00e0 con una preghiera e invocando il conforto della fede per i loro familiari e per tutta la comunit\u00e0 che si stringe a loro. <\/em><\/span><\/span><br \/>\n<span class=\"textexposedshow\"><span style=\"font-family: 'Arial',sans-serif\">\u201c<em>L\u2019entit\u00e0 della tragedia ci lascia increduli ma ci rammenta il dovere di agire sempre per la sicurezza dei luoghi di lavoro, adottando ogni misura per scongiurare anche quegli eventi che, pur rappresentando una tragica fatalit\u00e0, si devono imprimere nella nostra coscienza come eventi che non dovranno pi\u00f9 verificarsi, spingendoci a sorvegliare, vigilare e non sottovalutare mai i rischi ai quali i lavoratori possono andare incontro nello svolgimento delle loro attivit\u00e0<\/em>\u201d.<\/span><\/span><\/p>\n","protected":false},"excerpt":{"rendered":"<p>Anche il sindaco metropolitano Cateno De Luca e il presidente del Consiglio comunale di Messina Claudio Cardile si stringono al dolore delle comunit\u00e0 e delle famiglie coinvolte nella tragedia che si \u00e8 verificata mercoled\u00ec scorso nel deposito della fabbrica di giochi pirotecnici Costa in contrada Femminamorta a Barcellona Pozzo di Gotto, in cui hanno trovato [&hellip;]<\/p>\n","protected":false},"author":8,"featured_media":38585,"comment_status":"closed","ping_status":"open","sticky":false,"template":"","format":"standard","meta":{"ub_ctt_via":"","_mi_skip_tracking":false},"categories":[6],"tags":[],"featured_image_src":"https:\/\/www.messinaoggi.it\/website\/wp-content\/uploads\/2019\/11\/AA830DE3-4266-4F3F-9307-8BBB7EECD5AD.jpeg","author_info":{"display_name":"red..me","author_link":"https:\/\/www.messinaoggi.it\/website\/author\/redstage\/"},"digistream_id":0,"digistream":false,"_links":{"self":[{"href":"https:\/\/www.messinaoggi.it\/website\/wp-json\/wp\/v2\/posts\/38635"}],"collection":[{"href":"https:\/\/www.messinaoggi.it\/website\/wp-json\/wp\/v2\/posts"}],"about":[{"href":"https:\/\/www.messinaoggi.it\/website\/wp-json\/wp\/v2\/types\/post"}],"author":[{"embeddable":true,"href":"https:\/\/www.messinaoggi.it\/website\/wp-json\/wp\/v2\/users\/8"}],"replies":[{"embeddable":true,"href":"https:\/\/www.messinaoggi.it\/website\/wp-json\/wp\/v2\/comments?post=38635"}],"version-history":[{"count":0,"href":"https:\/\/www.messinaoggi.it\/website\/wp-json\/wp\/v2\/posts\/38635\/revisions"}],"wp:featuredmedia":[{"embeddable":true,"href":"https:\/\/www.messinaoggi.it\/website\/wp-json\/wp\/v2\/media\/38585"}],"wp:attachment":[{"href":"https:\/\/www.messinaoggi.it\/website\/wp-json\/wp\/v2\/media?parent=38635"}],"wp:term":[{"taxonomy":"category","embeddable":true,"href":"https:\/\/www.messinaoggi.it\/website\/wp-json\/wp\/v2\/categories?post=38635"},{"taxonomy":"post_tag","embeddable":true,"href":"https:\/\/www.messinaoggi.it\/website\/wp-json\/wp\/v2\/tags?post=38635"}],"curies":[{"name":"wp","href":"https:\/\/api.w.org\/{rel}","templated":true}]}}