{"id":38610,"date":"2019-11-21T13:50:14","date_gmt":"2019-11-21T12:50:14","guid":{"rendered":"https:\/\/www.messinaoggi.it\/website\/?p=38610"},"modified":"2019-11-21T13:50:14","modified_gmt":"2019-11-21T12:50:14","slug":"madonnina-del-porto-presto-manutenzione-della-stele","status":"publish","type":"post","link":"https:\/\/www.messinaoggi.it\/website\/2019\/11\/21\/madonnina-del-porto-presto-manutenzione-della-stele\/","title":{"rendered":"Madonnina del porto, presto manutenzione della stele"},"content":{"rendered":"<p style=\"font-weight: 400;\">\u201cLa stele della Madonnina \u00e8 uno dei simboli pi\u00f9 conosciuti del nostro porto e della citt\u00e0 di Messina e non ci esimeremo, come d\u2019altronde gi\u00e0 fatto in passato, dal contribuire a mantenerla in piena funzionalit\u00e0\u201d: dall\u2019Autorit\u00e0 di sistema portuale dello Stretto perviene una formale espressione di disponibilit\u00e0 alle Autorit\u00e0 militari e cittadine per assicurare la manutenzione della statua che dal 1934 illumina l\u2019ingresso del porto e d\u00e0 il benvenuto a viaggiatori e crocieristi.<div id=\"div-gpt-ad-Messinaoggi.it-DSK-300x250-corpoart\" style=\"text-align:center;margin:0 auto;\"><\/div><\/p>\n<p style=\"font-weight: 400;\">\u201cNon soltanto siamo disponibili a intervenire subito con il ripristino delle lettere cadute dalla base della stele a causa delle forti sciroccate della settimana scorsa\u201d dichiara il nuovo Presidente Mario Mega,\u00a0 \u201cma siamo anche pronti a sottoscrivere un protocollo d\u2019intesa fra la nostra AdSP, la Marina Militare, proprietaria del bene, la Sovrintendenza, il Comune ed eventualmente la Curia messinese affinch\u00e9 la manutenzione della Madonnina sia assicurata con continuit\u00e0\u201d.<div id=\"videoincontent\" style=\"clear:both\";><\/div><\/p>\n","protected":false},"excerpt":{"rendered":"<p>\u201cLa stele della Madonnina \u00e8 uno dei simboli pi\u00f9 conosciuti del nostro porto e della citt\u00e0 di Messina e non ci esimeremo, come d\u2019altronde gi\u00e0 fatto in passato, dal contribuire a mantenerla in piena funzionalit\u00e0\u201d: dall\u2019Autorit\u00e0 di sistema portuale dello Stretto perviene una formale espressione di disponibilit\u00e0 alle Autorit\u00e0 militari e cittadine per assicurare la [&hellip;]<\/p>\n","protected":false},"author":4,"featured_media":3134,"comment_status":"closed","ping_status":"open","sticky":false,"template":"","format":"standard","meta":{"ub_ctt_via":"","_mi_skip_tracking":false},"categories":[6],"tags":[],"featured_image_src":"https:\/\/www.messinaoggi.it\/website\/wp-content\/uploads\/2017\/06\/Messina-madonnina-del-porto-1-2.jpg","author_info":{"display_name":"redme","author_link":"https:\/\/www.messinaoggi.it\/website\/author\/redme\/"},"digistream_id":0,"digistream":false,"_links":{"self":[{"href":"https:\/\/www.messinaoggi.it\/website\/wp-json\/wp\/v2\/posts\/38610"}],"collection":[{"href":"https:\/\/www.messinaoggi.it\/website\/wp-json\/wp\/v2\/posts"}],"about":[{"href":"https:\/\/www.messinaoggi.it\/website\/wp-json\/wp\/v2\/types\/post"}],"author":[{"embeddable":true,"href":"https:\/\/www.messinaoggi.it\/website\/wp-json\/wp\/v2\/users\/4"}],"replies":[{"embeddable":true,"href":"https:\/\/www.messinaoggi.it\/website\/wp-json\/wp\/v2\/comments?post=38610"}],"version-history":[{"count":0,"href":"https:\/\/www.messinaoggi.it\/website\/wp-json\/wp\/v2\/posts\/38610\/revisions"}],"wp:featuredmedia":[{"embeddable":true,"href":"https:\/\/www.messinaoggi.it\/website\/wp-json\/wp\/v2\/media\/3134"}],"wp:attachment":[{"href":"https:\/\/www.messinaoggi.it\/website\/wp-json\/wp\/v2\/media?parent=38610"}],"wp:term":[{"taxonomy":"category","embeddable":true,"href":"https:\/\/www.messinaoggi.it\/website\/wp-json\/wp\/v2\/categories?post=38610"},{"taxonomy":"post_tag","embeddable":true,"href":"https:\/\/www.messinaoggi.it\/website\/wp-json\/wp\/v2\/tags?post=38610"}],"curies":[{"name":"wp","href":"https:\/\/api.w.org\/{rel}","templated":true}]}}