{"id":38538,"date":"2019-11-20T08:34:30","date_gmt":"2019-11-20T07:34:30","guid":{"rendered":"https:\/\/www.messinaoggi.it\/website\/?p=38538"},"modified":"2019-11-20T08:34:30","modified_gmt":"2019-11-20T07:34:30","slug":"a-piazza-cairoli-il-natale-piu-bello-di-sempre-tutte-le-novita","status":"publish","type":"post","link":"https:\/\/www.messinaoggi.it\/website\/2019\/11\/20\/a-piazza-cairoli-il-natale-piu-bello-di-sempre-tutte-le-novita\/","title":{"rendered":"A piazza Cairoli il Natale pi\u00f9 bello di sempre: tutte le novit\u00e0"},"content":{"rendered":"<p style=\"text-align: justify;\">Fervono i preparativi per gli allestimenti di piazza Cairoli, in vista del Natale, curati dall\u2019Associazione dei Commercianti messinesi \u201cMessina Incentro\u201d, con la collaborazione del Comune di Messina.<div id=\"div-gpt-ad-Messinaoggi.it-DSK-300x250-corpoart\" style=\"text-align:center;margin:0 auto;\"><\/div><\/p>\n<p><img loading=\"lazy\" class=\"size-medium wp-image-27554 alignleft\" src=\"https:\/\/www.messinaoggi.it\/website\/wp-content\/uploads\/2018\/12\/B5CFC086-5974-42DD-B786-AFE4BBA762EA-300x225.jpeg\" alt=\"\" width=\"300\" height=\"225\" \/><div id=\"videoincontent\" style=\"clear:both\";><\/div><\/p>\n<p style=\"text-align: justify;\"><strong>Lino Santoro Amante<\/strong>, presidente del sodalizio che raggruppa i pi\u00f9 importanti esercizi commerciali del centro cittadino svela i contenuti di quella che sar\u00e0 una grande festa per la citt\u00e0 di Messina.<\/p>\n<p><img loading=\"lazy\" class=\"size-medium wp-image-27548 alignright\" src=\"https:\/\/www.messinaoggi.it\/website\/wp-content\/uploads\/2018\/12\/B8D9DE9F-2772-41C0-A804-101F4103AD74-300x169.jpeg\" alt=\"\" width=\"300\" height=\"169\" \/><\/p>\n<p style=\"text-align: justify;\">\u201cSar\u00e0 il Natale pi\u00f9 bello di sempre a Messina, con il centro cittadino assoluto protagonista. Il tutto sar\u00e0 reso possibile grazie all\u2019impegno economico di imprenditori cittadini che intendono regalare una Natale indimenticabile. Piazza Cairoli per un oltre un mese sar\u00e0 uno spazio divertimenti per piccoli e adulti. Il piatto forte di quest\u2019anno sar\u00e0 il \u2018Giardino delle Luci\u2019 che sar\u00e0 collocato a piazza Cairoli lato mare, dove sar\u00e0 allestita una immensa area di duemila metri quadrati all\u2019interno della quale grazie alla Albalux che ha curato gli allestimenti, saranno collocate delle autentiche opere d\u2019arte luminose, sullo stile di \u2018Luci d\u2019Autore\u2019 a Salerno. A monte ci saranno la pista di pattinaggio, la Casa di Babbo Natale, e un villaggio di Natale che accoglier\u00e0 dal 5 all\u20198 dicembre il parco gastronomico, mentre dal 10 al 24 dicembre per la prima volta a piazza Cairoli sar\u00e0 allestito un autentico mercatino di Natale con produzioni artigianali di alto livello. E poi giorno 7 dicembre in concomitanza con l\u2019ormai tradizionale \u2018Festa dell\u2019Accensione\u2019 dell\u2019albero, donato dalla Caff\u00e8 Barbera, ci sar\u00e0 la \u2018grande nevicata\u2019. E poi eventi per i pi\u00f9 piccoli con la consegna dei doni da parte di un autentico Babbo Natale. Ringrazio fin d\u2019ora gli imprenditori che sostengono l\u2019iniziativa e l\u2019amministrazione comunale che crede nel nostro progetto di rilancio del centro commerciale, la quale sar\u00e0 al nostro fianco con tutti gli assessori per la buona riuscita degli eventi\u201d.<\/p>\n<p> <\/p>\n","protected":false},"excerpt":{"rendered":"<p>Fervono i preparativi per gli allestimenti di piazza Cairoli, in vista del Natale, curati dall\u2019Associazione dei Commercianti messinesi \u201cMessina Incentro\u201d, con la collaborazione del Comune di Messina. Lino Santoro Amante, presidente del sodalizio che raggruppa i pi\u00f9 importanti esercizi commerciali del centro cittadino svela i contenuti di quella che sar\u00e0 una grande festa per la [&hellip;]<\/p>\n","protected":false},"author":2,"featured_media":27547,"comment_status":"closed","ping_status":"open","sticky":false,"template":"","format":"standard","meta":{"ub_ctt_via":"","_mi_skip_tracking":false},"categories":[6],"tags":[],"featured_image_src":"https:\/\/www.messinaoggi.it\/website\/wp-content\/uploads\/2018\/12\/C63AB497-F9B5-470F-8DC2-056C7AE8027D.jpeg","author_info":{"display_name":"Redazione","author_link":"https:\/\/www.messinaoggi.it\/website\/author\/redazione\/"},"digistream_id":0,"digistream":false,"_links":{"self":[{"href":"https:\/\/www.messinaoggi.it\/website\/wp-json\/wp\/v2\/posts\/38538"}],"collection":[{"href":"https:\/\/www.messinaoggi.it\/website\/wp-json\/wp\/v2\/posts"}],"about":[{"href":"https:\/\/www.messinaoggi.it\/website\/wp-json\/wp\/v2\/types\/post"}],"author":[{"embeddable":true,"href":"https:\/\/www.messinaoggi.it\/website\/wp-json\/wp\/v2\/users\/2"}],"replies":[{"embeddable":true,"href":"https:\/\/www.messinaoggi.it\/website\/wp-json\/wp\/v2\/comments?post=38538"}],"version-history":[{"count":0,"href":"https:\/\/www.messinaoggi.it\/website\/wp-json\/wp\/v2\/posts\/38538\/revisions"}],"wp:featuredmedia":[{"embeddable":true,"href":"https:\/\/www.messinaoggi.it\/website\/wp-json\/wp\/v2\/media\/27547"}],"wp:attachment":[{"href":"https:\/\/www.messinaoggi.it\/website\/wp-json\/wp\/v2\/media?parent=38538"}],"wp:term":[{"taxonomy":"category","embeddable":true,"href":"https:\/\/www.messinaoggi.it\/website\/wp-json\/wp\/v2\/categories?post=38538"},{"taxonomy":"post_tag","embeddable":true,"href":"https:\/\/www.messinaoggi.it\/website\/wp-json\/wp\/v2\/tags?post=38538"}],"curies":[{"name":"wp","href":"https:\/\/api.w.org\/{rel}","templated":true}]}}