{"id":38520,"date":"2019-11-18T13:13:21","date_gmt":"2019-11-18T12:13:21","guid":{"rendered":"https:\/\/www.messinaoggi.it\/website\/?p=38520"},"modified":"2019-11-18T13:13:21","modified_gmt":"2019-11-18T12:13:21","slug":"festa-di-santa-cecilia-presentate-le-iniziative-unime-corelli","status":"publish","type":"post","link":"https:\/\/www.messinaoggi.it\/website\/2019\/11\/18\/festa-di-santa-cecilia-presentate-le-iniziative-unime-corelli\/","title":{"rendered":"Festa di Santa Cecilia, presentate le iniziative Unime-Corelli"},"content":{"rendered":"<p>Inizia ad assumere una forma pi\u00f9 tangibile il protocollo siglato meno di un anno fa tra l\u2019Universit\u00e0 di Messina e il Conservatorio \u201cArcangelo Corelli\u201d. Infatti, stamani la Sala Senato dell\u2019Ateneo peloritano ha ospitato una conferenza stampa nel corso della quale sono state presentate le iniziative culturali e musicali del 22 novembre, giorno della festa in onore di Santa Cecilia (Patrona della Musica e dei Musicisti).<br \/>\nAll\u2019incontro erano presenti il rettore Salvatore Cuzzocrea, il presidente\u00a0del Conservatorio \u201cArcangelo Corelli\u201d Giuseppe Ministeri, il delegato alle Iniziative scientifiche nel settore del turismo Filippo Grasso e, in rappresentanza di\u00a0Padre Mario Magro, il rettore del Santuario di S. Antonio Filippo Cadili.<br \/>\n\u201c<i>Desidero ringraziare<\/i> \u2013 ha commentato il rettore \u2013 <i>il professor Filippo Grasso e il dottor Giuseppe Ministeri che tanto impegno hanno profuso per l\u2019organizzazione di questi eventi. \u00a0Quanto organizzato sar\u00e0 solo un punto di partenza, a cui seguiranno numerose altre sinergie, che rappresentano un volano per il turismo della citt\u00e0 e testimoniano, ancora una volta, la volont\u00e0 dell\u2019Ateneo di essere al servizio del proprio territorio. Il Conservatorio dispone di grandi professionisti ed insieme riusciremo a fare ottime cose<\/i>\u201d.<div id=\"div-gpt-ad-Messinaoggi.it-DSK-300x250-corpoart\" style=\"text-align:center;margin:0 auto;\"><\/div><\/p>\n<h5>Le iniziative<\/h5>\n<p>\u201c<i>Le iniziative in onore di Santa Cecilia<\/i> \u2013 ha aggiunto Ministeri \u2013 <i>testimoniano che crediamo moltissimo nel protocollo d\u2019intesa siglato con l\u2019Universit\u00e0 di Messina. La manifestazione che presentiamo oggi sar\u00e0 caratterizzata da un programma ricco e variegato che verr\u00e0 inaugurato proprio in Ateneo. Alle ore 10 di venerd\u00ec 22 novembre, infatti, la Sala dell\u2019Accademia Peloritana dei Pericolanti ospiter\u00e0 un Seminario di approfondimento sulla figura di Santa Cecilia a cui, fra gli altri, parteciper\u00e0 anche il Vescovo Ausiliare di Messina, monsignor Cesare Di Pietro. Nel pomeriggio, alle ore 17, al Teatro Vittorio Emanuele si svolger\u00e0 la Cerimonia di consegna del Premio Santa Cecilia (prima edizione) che, ci auguriamo, possa diventare una piacevole e rinomata tradizione. In serata, alle ore 21, presso il Santuario Sant\u2019Antonio, si terr\u00e0 il Concerto inaugurale dell\u2019anno accademico 2019-2020 del Conservatorio \u2018Arcangelo Corelli\u2019, con l\u2019orchestra sinfonica diretta dal maestro Bruno Cinquegrani<\/i>\u201d.<br \/>\n\u201c<i>Manifestazioni come questa<\/i> \u2013 ha concluso Grasso \u2013 <i>ci consentono di stringere una forte interconnessione con il territorio e sono il segno tangibile dell\u2019apertura della nostra Universit\u00e0 nei confronti di tutte le istanze cittadine. Per l\u2019occasione, l\u2019Ateneo peloritano ha concesso al Corelli la foto-riproduzione del quadro di Giovanni Francesco\u00a0de Rosa, raffigurante Santa Cecilia che nel corso del Seminario di giorno 22, verr\u00e0 descritto dalla Storica dell\u2019arte del Museo Regionale di Messina, dott.ssa Alessandra Migliorato<\/i>\u201d.<div id=\"videoincontent\" style=\"clear:both\";><\/div><\/p>\n","protected":false},"excerpt":{"rendered":"<p>Inizia ad assumere una forma pi\u00f9 tangibile il protocollo siglato meno di un anno fa tra l\u2019Universit\u00e0 di Messina e il Conservatorio \u201cArcangelo Corelli\u201d. Infatti, stamani la Sala Senato dell\u2019Ateneo peloritano ha ospitato una conferenza stampa nel corso della quale sono state presentate le iniziative culturali e musicali del 22 novembre, giorno della festa in [&hellip;]<\/p>\n","protected":false},"author":8,"featured_media":38521,"comment_status":"closed","ping_status":"open","sticky":false,"template":"","format":"standard","meta":{"ub_ctt_via":"","_mi_skip_tracking":false},"categories":[7],"tags":[],"featured_image_src":"https:\/\/www.messinaoggi.it\/website\/wp-content\/uploads\/2019\/11\/conferenza-presentazione-iniziative-unime-corelli.jpg","author_info":{"display_name":"red..me","author_link":"https:\/\/www.messinaoggi.it\/website\/author\/redstage\/"},"digistream_id":0,"digistream":false,"_links":{"self":[{"href":"https:\/\/www.messinaoggi.it\/website\/wp-json\/wp\/v2\/posts\/38520"}],"collection":[{"href":"https:\/\/www.messinaoggi.it\/website\/wp-json\/wp\/v2\/posts"}],"about":[{"href":"https:\/\/www.messinaoggi.it\/website\/wp-json\/wp\/v2\/types\/post"}],"author":[{"embeddable":true,"href":"https:\/\/www.messinaoggi.it\/website\/wp-json\/wp\/v2\/users\/8"}],"replies":[{"embeddable":true,"href":"https:\/\/www.messinaoggi.it\/website\/wp-json\/wp\/v2\/comments?post=38520"}],"version-history":[{"count":0,"href":"https:\/\/www.messinaoggi.it\/website\/wp-json\/wp\/v2\/posts\/38520\/revisions"}],"wp:featuredmedia":[{"embeddable":true,"href":"https:\/\/www.messinaoggi.it\/website\/wp-json\/wp\/v2\/media\/38521"}],"wp:attachment":[{"href":"https:\/\/www.messinaoggi.it\/website\/wp-json\/wp\/v2\/media?parent=38520"}],"wp:term":[{"taxonomy":"category","embeddable":true,"href":"https:\/\/www.messinaoggi.it\/website\/wp-json\/wp\/v2\/categories?post=38520"},{"taxonomy":"post_tag","embeddable":true,"href":"https:\/\/www.messinaoggi.it\/website\/wp-json\/wp\/v2\/tags?post=38520"}],"curies":[{"name":"wp","href":"https:\/\/api.w.org\/{rel}","templated":true}]}}