{"id":38511,"date":"2019-11-18T11:30:21","date_gmt":"2019-11-18T10:30:21","guid":{"rendered":"https:\/\/www.messinaoggi.it\/website\/?p=38511"},"modified":"2019-11-18T11:30:21","modified_gmt":"2019-11-18T10:30:21","slug":"accorpamento-della-evemero-alla-petrarca-lambraio-scrive-alla-regione","status":"publish","type":"post","link":"https:\/\/www.messinaoggi.it\/website\/2019\/11\/18\/accorpamento-della-evemero-alla-petrarca-lambraio-scrive-alla-regione\/","title":{"rendered":"Accorpamento della &quot;Evemero&quot; alla &quot;Petrarca&quot;, Lambraio scrive alla Regione"},"content":{"rendered":"<p style=\"text-align: justify\">Ultimamente tra i corridoi della scuola \u201cEvemero da Messina\u201d di Ganzirri circola con sempre maggiore insistenza la voce secondo cui nel prossimo futuro l\u2019istituto scolastico dovr\u00e0 essere accorpato alla scuola \u201cFrancesco Petrarca\u201d di Paradiso per volere della Regione Siciliana. Sia chiaro, stiamo parlando soltanto di voci, ma tanto \u00e8 bastato per mandare nel panico i genitori che hanno iscritto i propri figli presso l\u2019istituto scolastico in questione.<div id=\"div-gpt-ad-Messinaoggi.it-DSK-300x250-corpoart\" style=\"text-align:center;margin:0 auto;\"><\/div><\/p>\n<p style=\"text-align: justify\">I timori sono diversi ovviamente, primo tra tutti quello di un possibile cambio dei docenti che un evento di questo tipo potrebbe comportare. Infatti, se l&#8217;accorpamento dovesse andare in porto, allora i bambini di tale scuola potrebbero ritrovarsi di punto in bianco con dei nuovi insegnanti. Poco bene se consideriamo che decine di alunni, che sin dall\u2019inizio del loro percorso scolastico sono stati seguiti da un determinato corpo docenti, adesso potrebbero dover aver a che fare con insegnanti completamente diversi. Infatti, il problema \u00e8 che con molta probabilit\u00e0 rischia di essere rimpastato buona parte, se non addirittura la totalit\u00e0, del corpo docenti della scuola.<div id=\"videoincontent\" style=\"clear:both\";><\/div><\/p>\n<p style=\"text-align: justify\">Sul piede di guerra i genitori, che sono disposti anche a scendere in piazza pur di evitare che avvenga un cambiamento cos\u00ec radicale nell&#8217;istituto scolastico. In tal senso, i genitori hanno prontamente contattato i propri rappresentanti territoriali. In particolare, il consigliere della VI Circoscrizione Antonio Lambraio ha reso noto che quanto prima verr\u00e0 organizzato un sit-in di protesta assieme ai genitori qualora si decidesse di non cambiare idea relativamente alla sostituzione dei docenti.<\/p>\n<p style=\"text-align: justify\">Nel frattempo, il consigliere circoscrizionale si \u00e8 mobilitato ricorrendo ai canali istituzionali, inviando agli assessori regionale e comunale con delega all\u2019Istruzione una nota nell\u2019ambito della quale chiede che si faccia maggiore chiarezza su tale vicenda. Nel dettaglio, Lambraio ha chiesto al primo quali sono i motivi per cui si starebbe valutando l&#8217;accorpamento della \u201cEvemero da Messina\u201d alla \u201cFrancesco Petrarca\u201d e al secondo di intavolare al pi\u00f9 presto assieme al dirigente dell\u2019Ufficio scolastico metropolitano un tavolo tecnico con gli enti interessati affinch\u00e9 venga fatta chiarezza una volta per tutte su tale vicenda, soprattutto nell\u2019interesse dei genitori e dei bambini della scuola.<\/p>\n","protected":false},"excerpt":{"rendered":"<p>Ultimamente tra i corridoi della scuola \u201cEvemero da Messina\u201d di Ganzirri circola con sempre maggiore insistenza la voce secondo cui nel prossimo futuro l\u2019istituto scolastico dovr\u00e0 essere accorpato alla scuola \u201cFrancesco Petrarca\u201d di Paradiso per volere della Regione Siciliana. Sia chiaro, stiamo parlando soltanto di voci, ma tanto \u00e8 bastato per mandare nel panico i [&hellip;]<\/p>\n","protected":false},"author":10,"featured_media":38512,"comment_status":"closed","ping_status":"open","sticky":false,"template":"","format":"standard","meta":{"ub_ctt_via":"","_mi_skip_tracking":false},"categories":[5],"tags":[],"featured_image_src":"https:\/\/www.messinaoggi.it\/website\/wp-content\/uploads\/2019\/11\/Antonio-Lambraio.jpg","author_info":{"display_name":"Paolo Mustica","author_link":"https:\/\/www.messinaoggi.it\/website\/author\/p-mustica\/"},"digistream_id":0,"digistream":false,"_links":{"self":[{"href":"https:\/\/www.messinaoggi.it\/website\/wp-json\/wp\/v2\/posts\/38511"}],"collection":[{"href":"https:\/\/www.messinaoggi.it\/website\/wp-json\/wp\/v2\/posts"}],"about":[{"href":"https:\/\/www.messinaoggi.it\/website\/wp-json\/wp\/v2\/types\/post"}],"author":[{"embeddable":true,"href":"https:\/\/www.messinaoggi.it\/website\/wp-json\/wp\/v2\/users\/10"}],"replies":[{"embeddable":true,"href":"https:\/\/www.messinaoggi.it\/website\/wp-json\/wp\/v2\/comments?post=38511"}],"version-history":[{"count":0,"href":"https:\/\/www.messinaoggi.it\/website\/wp-json\/wp\/v2\/posts\/38511\/revisions"}],"wp:featuredmedia":[{"embeddable":true,"href":"https:\/\/www.messinaoggi.it\/website\/wp-json\/wp\/v2\/media\/38512"}],"wp:attachment":[{"href":"https:\/\/www.messinaoggi.it\/website\/wp-json\/wp\/v2\/media?parent=38511"}],"wp:term":[{"taxonomy":"category","embeddable":true,"href":"https:\/\/www.messinaoggi.it\/website\/wp-json\/wp\/v2\/categories?post=38511"},{"taxonomy":"post_tag","embeddable":true,"href":"https:\/\/www.messinaoggi.it\/website\/wp-json\/wp\/v2\/tags?post=38511"}],"curies":[{"name":"wp","href":"https:\/\/api.w.org\/{rel}","templated":true}]}}