{"id":38485,"date":"2019-11-16T15:56:44","date_gmt":"2019-11-16T14:56:44","guid":{"rendered":"https:\/\/www.messinaoggi.it\/website\/?p=38485"},"modified":"2019-11-16T15:56:44","modified_gmt":"2019-11-16T14:56:44","slug":"ramo-di-albero-secolare-si-schianta-in-piazza-cavallotti","status":"publish","type":"post","link":"https:\/\/www.messinaoggi.it\/website\/2019\/11\/16\/ramo-di-albero-secolare-si-schianta-in-piazza-cavallotti\/","title":{"rendered":"Ramo di albero secolare si schianta in piazza Cavallotti"},"content":{"rendered":"<p>\u00c8 un&#8217;emergenza senza fine, al primo soffio di vento c&#8217;\u00e8 il rischio che un albero si schianti al suolo con conseguenze inimmaginabili.<br \/>\nTragedia sfiorata, l&#8217;ennesima, in piazza Cavallotti, dove un grosso ramo \u00e8 precipitato sulla sede stradale, compromettendo persino la linea tranviaria.<br \/>\n\u00c8 successo intorno alle 15 in prossimit\u00e0 della Camera di Commercio. Sul posto sono arrivati gli agenti della polizia municipale ed i Vigili del fuoco. Tram fermo, gi\u00e0 attivato servizio sostitutivo bus.<br \/>\nSegnalati disagi anche in provincia, in particolare a San Pier Nieto,\u00a0 sferzata da forti raffiche di vento.<div id=\"div-gpt-ad-Messinaoggi.it-DSK-300x250-corpoart\" style=\"text-align:center;margin:0 auto;\"><\/div><\/p>\n<div id=\"videoincontent\" style=\"clear:both\";><\/div>","protected":false},"excerpt":{"rendered":"<p>\u00c8 un&#8217;emergenza senza fine, al primo soffio di vento c&#8217;\u00e8 il rischio che un albero si schianti al suolo con conseguenze inimmaginabili. Tragedia sfiorata, l&#8217;ennesima, in piazza Cavallotti, dove un grosso ramo \u00e8 precipitato sulla sede stradale, compromettendo persino la linea tranviaria. \u00c8 successo intorno alle 15 in prossimit\u00e0 della Camera di Commercio. Sul posto [&hellip;]<\/p>\n","protected":false},"author":4,"featured_media":1519,"comment_status":"closed","ping_status":"open","sticky":false,"template":"","format":"standard","meta":{"ub_ctt_via":"","_mi_skip_tracking":false},"categories":[6],"tags":[],"featured_image_src":"https:\/\/www.messinaoggi.it\/website\/wp-content\/uploads\/2017\/06\/Maltempo-alberi-crolli-2.jpg","author_info":{"display_name":"redme","author_link":"https:\/\/www.messinaoggi.it\/website\/author\/redme\/"},"digistream_id":0,"digistream":false,"_links":{"self":[{"href":"https:\/\/www.messinaoggi.it\/website\/wp-json\/wp\/v2\/posts\/38485"}],"collection":[{"href":"https:\/\/www.messinaoggi.it\/website\/wp-json\/wp\/v2\/posts"}],"about":[{"href":"https:\/\/www.messinaoggi.it\/website\/wp-json\/wp\/v2\/types\/post"}],"author":[{"embeddable":true,"href":"https:\/\/www.messinaoggi.it\/website\/wp-json\/wp\/v2\/users\/4"}],"replies":[{"embeddable":true,"href":"https:\/\/www.messinaoggi.it\/website\/wp-json\/wp\/v2\/comments?post=38485"}],"version-history":[{"count":0,"href":"https:\/\/www.messinaoggi.it\/website\/wp-json\/wp\/v2\/posts\/38485\/revisions"}],"wp:featuredmedia":[{"embeddable":true,"href":"https:\/\/www.messinaoggi.it\/website\/wp-json\/wp\/v2\/media\/1519"}],"wp:attachment":[{"href":"https:\/\/www.messinaoggi.it\/website\/wp-json\/wp\/v2\/media?parent=38485"}],"wp:term":[{"taxonomy":"category","embeddable":true,"href":"https:\/\/www.messinaoggi.it\/website\/wp-json\/wp\/v2\/categories?post=38485"},{"taxonomy":"post_tag","embeddable":true,"href":"https:\/\/www.messinaoggi.it\/website\/wp-json\/wp\/v2\/tags?post=38485"}],"curies":[{"name":"wp","href":"https:\/\/api.w.org\/{rel}","templated":true}]}}