{"id":38467,"date":"2019-11-16T11:11:27","date_gmt":"2019-11-16T10:11:27","guid":{"rendered":"https:\/\/www.messinaoggi.it\/website\/?p=38467"},"modified":"2019-11-16T11:11:27","modified_gmt":"2019-11-16T10:11:27","slug":"regione-trasla-i-costi-del-servizio-per-alunni-disabili-sulle-scuole-preoccupati-i-sindacati","status":"publish","type":"post","link":"https:\/\/www.messinaoggi.it\/website\/2019\/11\/16\/regione-trasla-i-costi-del-servizio-per-alunni-disabili-sulle-scuole-preoccupati-i-sindacati\/","title":{"rendered":"Regione trasla i costi del servizio per alunni disabili sulle scuole, preoccupati i sindacati"},"content":{"rendered":"<p>\u201c<em>Esprimiamo forte preoccupazione in merito al mantenimento dei livelli occupazionali del personale che da anni \u00e8 impegnato ad assicurare il servizio per la citt\u00e0 metropolitana<\/em>\u201d. Cos\u00ec i sindacalisti della Fiadel Clara Croc\u00e8, Gianluca Gangemi e Giuseppe Badagliacca in merito alla decisione del governo regionale di traslare a partire dal prossimo gennaio i costi del servizio di assistenza igienico-personale degli studenti con disabilit\u00e0 dagli enti locali alle scuole, mettendo cos\u00ec a rischio 130 posti di lavoro nella sola citt\u00e0 metropolitana di Messina. Infatti, \u00e8 evidente che nel lungo periodo i costi del servizio potrebbero non essere sostenibili per le scuole. Pertanto, Fiadel ha scritto al presidente della V Commissione dell\u2019Ars e, per conoscenza, al presidente della Regione Siciliana Nello Musumeci e all&#8217;assessore alla Famiglia e alle Politiche sociali per chiedere un&#8217;audizione.<br \/>\n\u201c<em>Questi provvedimenti comporteranno l\u2019improvvisa disoccupazione di 130 operatori che saranno privati di ogni forma di sostentamento per loro e per le proprie famiglie.<\/em> \u2013 proseguono i sindacalisti &#8211; <em>Tutto ci\u00f2 sta provocando grave clima di tensione sociale che non pu\u00f2 essere sottovalutato dal governo regionale e dalla deputazione. In attesa della risposta dell&#8217;amministrazione regionale, abbiamo incontrato il parlamentare Ars Danilo Lo Giudice e abbiamo illustrato i dettagli della vertenza. Al termine dell&#8217;incontro con il sindacato anche il deputato abbiamo inviato una richiesta di audizione alla V Commissione di Palazzo dei Normanni<\/em>\u201d.<br \/>\nSulla stessa lunghezza d\u2019onda la Fp Cgil, la quale preoccupata per le possibili ripercussioni negative sotto il profilo occupazionale e della qualit\u00e0 del servizio hanno chiesto un incontro con gli esponenti del governo regionale: \u201c<em>Il quadro che rischia di determinarsi <\/em>\u2013 afferma il segretario della Fp Cgil Messina Francesco Fucile e la segretaria provinciale Elena De Pasquale \u2013 <em>avrebbe delle conseguenze devastanti sia sotto il profilo occupazionale, che sotto quello del servizio da rendere. Con riferimento al primo aspetto, il passaggio di competenze dagli enti locali alle scuole, determinerebbe la perdita di migliaia di posti di lavoro. Si parla di persone che negli ultimi 15-20 hanno acquisiti specifici titoli e maturato esperienza e competenza in questa tipologia di assistenza, e che dall\u2019oggi al domani si troverebbero senza lavoro. La seconda questione, strettamente legata alla precedente, riguarda invece la qualit\u00e0 del servizio reso che, inevitabilmente, ne perderebbe.<\/em><br \/>\n\u201c<em>In considerazione di ci\u00f2 abbiamo ottenuto un incontro, che dovrebbe tenersi la prossima settimana, con l\u2019assessore regionale al ramo Antonio Scavone, per capire quale possano essere le soluzioni da percorrere al fine di salvaguardare posti di lavoro e qualit\u00e0 dell\u2019assistenza<\/em>\u201d.<div id=\"div-gpt-ad-Messinaoggi.it-DSK-300x250-corpoart\" style=\"text-align:center;margin:0 auto;\"><\/div><\/p>\n<div id=\"videoincontent\" style=\"clear:both\";><\/div>","protected":false},"excerpt":{"rendered":"<p>\u201cEsprimiamo forte preoccupazione in merito al mantenimento dei livelli occupazionali del personale che da anni \u00e8 impegnato ad assicurare il servizio per la citt\u00e0 metropolitana\u201d. Cos\u00ec i sindacalisti della Fiadel Clara Croc\u00e8, Gianluca Gangemi e Giuseppe Badagliacca in merito alla decisione del governo regionale di traslare a partire dal prossimo gennaio i costi del servizio [&hellip;]<\/p>\n","protected":false},"author":8,"featured_media":10428,"comment_status":"closed","ping_status":"open","sticky":false,"template":"","format":"standard","meta":{"ub_ctt_via":"","_mi_skip_tracking":false},"categories":[4],"tags":[],"featured_image_src":"https:\/\/www.messinaoggi.it\/website\/wp-content\/uploads\/2017\/10\/alunni-con-disabilita-seminario.jpg","author_info":{"display_name":"red..me","author_link":"https:\/\/www.messinaoggi.it\/website\/author\/redstage\/"},"digistream_id":0,"digistream":false,"_links":{"self":[{"href":"https:\/\/www.messinaoggi.it\/website\/wp-json\/wp\/v2\/posts\/38467"}],"collection":[{"href":"https:\/\/www.messinaoggi.it\/website\/wp-json\/wp\/v2\/posts"}],"about":[{"href":"https:\/\/www.messinaoggi.it\/website\/wp-json\/wp\/v2\/types\/post"}],"author":[{"embeddable":true,"href":"https:\/\/www.messinaoggi.it\/website\/wp-json\/wp\/v2\/users\/8"}],"replies":[{"embeddable":true,"href":"https:\/\/www.messinaoggi.it\/website\/wp-json\/wp\/v2\/comments?post=38467"}],"version-history":[{"count":0,"href":"https:\/\/www.messinaoggi.it\/website\/wp-json\/wp\/v2\/posts\/38467\/revisions"}],"wp:featuredmedia":[{"embeddable":true,"href":"https:\/\/www.messinaoggi.it\/website\/wp-json\/wp\/v2\/media\/10428"}],"wp:attachment":[{"href":"https:\/\/www.messinaoggi.it\/website\/wp-json\/wp\/v2\/media?parent=38467"}],"wp:term":[{"taxonomy":"category","embeddable":true,"href":"https:\/\/www.messinaoggi.it\/website\/wp-json\/wp\/v2\/categories?post=38467"},{"taxonomy":"post_tag","embeddable":true,"href":"https:\/\/www.messinaoggi.it\/website\/wp-json\/wp\/v2\/tags?post=38467"}],"curies":[{"name":"wp","href":"https:\/\/api.w.org\/{rel}","templated":true}]}}