{"id":38462,"date":"2019-11-15T16:11:05","date_gmt":"2019-11-15T15:11:05","guid":{"rendered":"https:\/\/www.messinaoggi.it\/website\/?p=38462"},"modified":"2019-11-15T16:11:05","modified_gmt":"2019-11-15T15:11:05","slug":"ars-de-domenico-era-ineleggibile-laccoto-si-riprende-il-seggio","status":"publish","type":"post","link":"https:\/\/www.messinaoggi.it\/website\/2019\/11\/15\/ars-de-domenico-era-ineleggibile-laccoto-si-riprende-il-seggio\/","title":{"rendered":"Ars, De Domenico era ineleggibile: Laccoto si riprende il seggio"},"content":{"rendered":"<p>Il Tribunale di Palermo ha sentenziato l&#8217;ineleggibilit\u00e0 di Franco De Domenico, eletto all&#8217;Ars nelle file del Pd. Ne d\u00e0 notizia livesicilia.it, che spiega i motivi della ineleggibilit\u00e0 del docente messinese. Secondo i magistrati del Tribunale di Palermo, cui si \u00e8 rivolto Laccoto, De Domenico era ineleggibile perch\u00e9 direttore generale dell&#8217;Ateneo messinese e, quindi, destinatario di finanziamenti pubblici.<br \/>\nCon questa sentenza Laccoto tornerebbe a sedersi fra i banchi dell&#8217;Assemblea regionale siciliana, anche se De Domenico ha gi\u00e0 annunciato che ricorrer\u00e0 in appello.<br \/>\nOccorre specificare che la sentenza non \u00e8 esecutiva, pertanto si attende l\u2019esito del secondo grado di giudizio.<div id=\"div-gpt-ad-Messinaoggi.it-DSK-300x250-corpoart\" style=\"text-align:center;margin:0 auto;\"><\/div><\/p>\n<div id=\"videoincontent\" style=\"clear:both\";><\/div>","protected":false},"excerpt":{"rendered":"<p>Il Tribunale di Palermo ha sentenziato l&#8217;ineleggibilit\u00e0 di Franco De Domenico, eletto all&#8217;Ars nelle file del Pd. Ne d\u00e0 notizia livesicilia.it, che spiega i motivi della ineleggibilit\u00e0 del docente messinese. Secondo i magistrati del Tribunale di Palermo, cui si \u00e8 rivolto Laccoto, De Domenico era ineleggibile perch\u00e9 direttore generale dell&#8217;Ateneo messinese e, quindi, destinatario di [&hellip;]<\/p>\n","protected":false},"author":2,"featured_media":2218,"comment_status":"closed","ping_status":"open","sticky":false,"template":"","format":"standard","meta":{"ub_ctt_via":"","_mi_skip_tracking":false},"categories":[4],"tags":[],"featured_image_src":"https:\/\/www.messinaoggi.it\/website\/wp-content\/uploads\/2017\/06\/LaccotoPippo-2.jpg","author_info":{"display_name":"Redazione","author_link":"https:\/\/www.messinaoggi.it\/website\/author\/redazione\/"},"digistream_id":0,"digistream":false,"_links":{"self":[{"href":"https:\/\/www.messinaoggi.it\/website\/wp-json\/wp\/v2\/posts\/38462"}],"collection":[{"href":"https:\/\/www.messinaoggi.it\/website\/wp-json\/wp\/v2\/posts"}],"about":[{"href":"https:\/\/www.messinaoggi.it\/website\/wp-json\/wp\/v2\/types\/post"}],"author":[{"embeddable":true,"href":"https:\/\/www.messinaoggi.it\/website\/wp-json\/wp\/v2\/users\/2"}],"replies":[{"embeddable":true,"href":"https:\/\/www.messinaoggi.it\/website\/wp-json\/wp\/v2\/comments?post=38462"}],"version-history":[{"count":0,"href":"https:\/\/www.messinaoggi.it\/website\/wp-json\/wp\/v2\/posts\/38462\/revisions"}],"wp:featuredmedia":[{"embeddable":true,"href":"https:\/\/www.messinaoggi.it\/website\/wp-json\/wp\/v2\/media\/2218"}],"wp:attachment":[{"href":"https:\/\/www.messinaoggi.it\/website\/wp-json\/wp\/v2\/media?parent=38462"}],"wp:term":[{"taxonomy":"category","embeddable":true,"href":"https:\/\/www.messinaoggi.it\/website\/wp-json\/wp\/v2\/categories?post=38462"},{"taxonomy":"post_tag","embeddable":true,"href":"https:\/\/www.messinaoggi.it\/website\/wp-json\/wp\/v2\/tags?post=38462"}],"curies":[{"name":"wp","href":"https:\/\/api.w.org\/{rel}","templated":true}]}}