{"id":38450,"date":"2019-11-15T12:00:47","date_gmt":"2019-11-15T11:00:47","guid":{"rendered":"https:\/\/www.messinaoggi.it\/website\/?p=38450"},"modified":"2019-11-15T12:00:47","modified_gmt":"2019-11-15T11:00:47","slug":"portella-castanea-strada-riaperta-al-transito-laimo-ce-ancora-tanto-da-fare","status":"publish","type":"post","link":"https:\/\/www.messinaoggi.it\/website\/2019\/11\/15\/portella-castanea-strada-riaperta-al-transito-laimo-ce-ancora-tanto-da-fare\/","title":{"rendered":"Portella Castanea, strada riaperta al transito. Laimo: &quot;C&#039;\u00e8 ancora tanto da fare&quot;"},"content":{"rendered":"<p>\u201c<em>Dopo i disagi avvenuti a causa del maltempo che ha flagellato la citt\u00e0 di Messina pochi giorni fa, da ieri pomeriggio la strada Portella Castanea \u00e8 stato riaperto al transito grazie all&#8217;importante lavoro degli uomini della Protezione Civile, del corpo dei vigili urbani e dell&#8217;assessore al ramo Massimo Minutoli<\/em>\u201d. A renderlo noto \u00e8 il consigliere della V Circoscrizione Franco Laimo, annunciando pertanto la riapertura del noto tratto stradale che collega San Michele a Portella. In particolare, <span style=\"text-decoration: underline\"><a href=\"https:\/\/www.messinaoggi.it\/website\/2019\/11\/12\/portella-castanea-strada-chiusa-albero-sradicato-dal-vento\/\">la strada era stata chiusa dopo che marted\u00ec scorso un albero era piombato sull\u2019asfalto per le forti raffiche di vento<\/a><\/span>.<br \/>\nLo stesso consigliere circoscrizionale stamani ha interloquito poi con l&#8217;assessore Minutoli sulle sorti della frana che dal dicembre dello scorso anno blocca parte del transito veicolare nell&#8217;importante arteria: &#8220;<em>Se entro oggi arriver\u00e0 l&#8217;ok da parte della regione Siciliana,<\/em> &#8211; spiega Laimo &#8211;<em> prossimamente si avvier\u00e0 la gara d&#8217;appalto per l&#8217;aggiudicazione dei lavori dell&#8217;eliminazione della Frana stessa e della relativa messa in sicurezza del costone. Ma importanti ed improcrastinabili interventi di manutenzione ordinaria e non, si rendono necessari per la Portella Castanea: scerbatura in ambo i lati della carreggiata, pulitura dei canaloni di scolo acque piovane, e ripristino segnaletica orizzontale e verticale\u00a0antinebbia; perdipi\u00f9 poich\u00e9 trattasi di strada collinare (ma ricordiamo di competenza comunale), \u00e8 soggetta alla caduta di detriti, pietre, massi e legname, che rendono pericoloso il transito veicolare<\/em>\u201d. Tali argomentazioni sono state trattate in svariate sedute di commissioni sia nella IV Commissione Ambiente e territorio presieduta dal consigliere Laimo, che nella II Commissione inerente alla Protezione Civile presieduta dal consigliere Maurizio Di Gregorio.<div id=\"div-gpt-ad-Messinaoggi.it-DSK-300x250-corpoart\" style=\"text-align:center;margin:0 auto;\"><\/div><\/p>\n<div id=\"videoincontent\" style=\"clear:both\";><\/div>","protected":false},"excerpt":{"rendered":"<p>\u201cDopo i disagi avvenuti a causa del maltempo che ha flagellato la citt\u00e0 di Messina pochi giorni fa, da ieri pomeriggio la strada Portella Castanea \u00e8 stato riaperto al transito grazie all&#8217;importante lavoro degli uomini della Protezione Civile, del corpo dei vigili urbani e dell&#8217;assessore al ramo Massimo Minutoli\u201d. A renderlo noto \u00e8 il consigliere [&hellip;]<\/p>\n","protected":false},"author":8,"featured_media":38451,"comment_status":"closed","ping_status":"open","sticky":false,"template":"","format":"standard","meta":{"ub_ctt_via":"","_mi_skip_tracking":false},"categories":[6],"tags":[],"featured_image_src":"https:\/\/www.messinaoggi.it\/website\/wp-content\/uploads\/2019\/11\/salita-portella-castanea.jpg","author_info":{"display_name":"red..me","author_link":"https:\/\/www.messinaoggi.it\/website\/author\/redstage\/"},"digistream_id":0,"digistream":false,"_links":{"self":[{"href":"https:\/\/www.messinaoggi.it\/website\/wp-json\/wp\/v2\/posts\/38450"}],"collection":[{"href":"https:\/\/www.messinaoggi.it\/website\/wp-json\/wp\/v2\/posts"}],"about":[{"href":"https:\/\/www.messinaoggi.it\/website\/wp-json\/wp\/v2\/types\/post"}],"author":[{"embeddable":true,"href":"https:\/\/www.messinaoggi.it\/website\/wp-json\/wp\/v2\/users\/8"}],"replies":[{"embeddable":true,"href":"https:\/\/www.messinaoggi.it\/website\/wp-json\/wp\/v2\/comments?post=38450"}],"version-history":[{"count":0,"href":"https:\/\/www.messinaoggi.it\/website\/wp-json\/wp\/v2\/posts\/38450\/revisions"}],"wp:featuredmedia":[{"embeddable":true,"href":"https:\/\/www.messinaoggi.it\/website\/wp-json\/wp\/v2\/media\/38451"}],"wp:attachment":[{"href":"https:\/\/www.messinaoggi.it\/website\/wp-json\/wp\/v2\/media?parent=38450"}],"wp:term":[{"taxonomy":"category","embeddable":true,"href":"https:\/\/www.messinaoggi.it\/website\/wp-json\/wp\/v2\/categories?post=38450"},{"taxonomy":"post_tag","embeddable":true,"href":"https:\/\/www.messinaoggi.it\/website\/wp-json\/wp\/v2\/tags?post=38450"}],"curies":[{"name":"wp","href":"https:\/\/api.w.org\/{rel}","templated":true}]}}