{"id":38372,"date":"2019-11-12T19:55:58","date_gmt":"2019-11-12T18:55:58","guid":{"rendered":"https:\/\/www.messinaoggi.it\/website\/?p=38372"},"modified":"2019-11-12T19:55:58","modified_gmt":"2019-11-12T18:55:58","slug":"portella-castanea-strada-chiusa-albero-sradicato-dal-vento","status":"publish","type":"post","link":"https:\/\/www.messinaoggi.it\/website\/2019\/11\/12\/portella-castanea-strada-chiusa-albero-sradicato-dal-vento\/","title":{"rendered":"Portella Castanea, strada chiusa: albero sradicato dal vento"},"content":{"rendered":"<p>Ancora disagi e problemi per le folate di vento che stanno tempestando la citt\u00e0 dello Stretto. Un albero di grosse dimensioni \u00e8 stato letteralmente sradicato ed \u00e8 piombato sulla strada che conduce a Castanea.<br \/>\n<img loading=\"lazy\" class=\"size-medium wp-image-38370 alignright\" src=\"https:\/\/www.messinaoggi.it\/website\/wp-content\/uploads\/2019\/11\/C76D5876-9248-4CD4-A1D0-AE7C8ECA7358-300x225.jpeg\" alt=\"\" width=\"300\" height=\"225\" \/><br \/>\nUn bus \u00e8 rimasto bloccato e i passeggeri hanno dovuto attendere l&#8217;arrivo dei vigili del fuoco i quali hanno rimosso l&#8217;arbusto che ostruiva il passaggio lungo la strada che conduce ai villaggi collinari.<br \/>\nNumerosi gli interventi operati nella giornata dai vigili del fuoco a causa del forte vento che sta spirando in queste ore sulla citt\u00e0 di Messina anche in provincia.<div id=\"div-gpt-ad-Messinaoggi.it-DSK-300x250-corpoart\" style=\"text-align:center;margin:0 auto;\"><\/div><\/p>\n<div id=\"videoincontent\" style=\"clear:both\";><\/div>","protected":false},"excerpt":{"rendered":"<p>Ancora disagi e problemi per le folate di vento che stanno tempestando la citt\u00e0 dello Stretto. Un albero di grosse dimensioni \u00e8 stato letteralmente sradicato ed \u00e8 piombato sulla strada che conduce a Castanea. Un bus \u00e8 rimasto bloccato e i passeggeri hanno dovuto attendere l&#8217;arrivo dei vigili del fuoco i quali hanno rimosso l&#8217;arbusto [&hellip;]<\/p>\n","protected":false},"author":2,"featured_media":38371,"comment_status":"closed","ping_status":"open","sticky":false,"template":"","format":"standard","meta":{"ub_ctt_via":"","_mi_skip_tracking":false},"categories":[6],"tags":[],"featured_image_src":"https:\/\/www.messinaoggi.it\/website\/wp-content\/uploads\/2019\/11\/CAC270FA-027E-419B-A377-D6744590BCB3.jpeg","author_info":{"display_name":"Redazione","author_link":"https:\/\/www.messinaoggi.it\/website\/author\/redazione\/"},"digistream_id":0,"digistream":false,"_links":{"self":[{"href":"https:\/\/www.messinaoggi.it\/website\/wp-json\/wp\/v2\/posts\/38372"}],"collection":[{"href":"https:\/\/www.messinaoggi.it\/website\/wp-json\/wp\/v2\/posts"}],"about":[{"href":"https:\/\/www.messinaoggi.it\/website\/wp-json\/wp\/v2\/types\/post"}],"author":[{"embeddable":true,"href":"https:\/\/www.messinaoggi.it\/website\/wp-json\/wp\/v2\/users\/2"}],"replies":[{"embeddable":true,"href":"https:\/\/www.messinaoggi.it\/website\/wp-json\/wp\/v2\/comments?post=38372"}],"version-history":[{"count":0,"href":"https:\/\/www.messinaoggi.it\/website\/wp-json\/wp\/v2\/posts\/38372\/revisions"}],"wp:featuredmedia":[{"embeddable":true,"href":"https:\/\/www.messinaoggi.it\/website\/wp-json\/wp\/v2\/media\/38371"}],"wp:attachment":[{"href":"https:\/\/www.messinaoggi.it\/website\/wp-json\/wp\/v2\/media?parent=38372"}],"wp:term":[{"taxonomy":"category","embeddable":true,"href":"https:\/\/www.messinaoggi.it\/website\/wp-json\/wp\/v2\/categories?post=38372"},{"taxonomy":"post_tag","embeddable":true,"href":"https:\/\/www.messinaoggi.it\/website\/wp-json\/wp\/v2\/tags?post=38372"}],"curies":[{"name":"wp","href":"https:\/\/api.w.org\/{rel}","templated":true}]}}