{"id":38349,"date":"2019-11-12T11:21:50","date_gmt":"2019-11-12T10:21:50","guid":{"rendered":"https:\/\/www.messinaoggi.it\/website\/?p=38349"},"modified":"2019-11-12T11:21:50","modified_gmt":"2019-11-12T10:21:50","slug":"sciolti-i-nodi-critici-del-regionalismo-differenziato-soddisfatto-navarra","status":"publish","type":"post","link":"https:\/\/www.messinaoggi.it\/website\/2019\/11\/12\/sciolti-i-nodi-critici-del-regionalismo-differenziato-soddisfatto-navarra\/","title":{"rendered":"Sciolti i nodi critici del regionalismo differenziato, soddisfatto Navarra"},"content":{"rendered":"<p>L\u2019esponente messinese del Pd alla Camera dei Deputati Pietro Navarra \u00e8 intervenuto sul regionalismo differenziato, spiegando in estrema sintesi di non ritenersi ideologicamente contrario al regionalismo differenziato, quanto piuttosto di essere avverso a tale tema nella misura in cui ci\u00f2 possa incrementare il divario economico tra Nord e Sud del paese, cos\u00ec come sarebbe accaduto a detta sua se fosse stata approvata la relativa riforma voluta dalla Lega nel primo Governo Conte. Timori che, cos\u00ec come evidenziato dallo stesso Navarra, sono stati confermati nella relazione semestrale sul regionalismo differenziato approvata la scorsa settimana dalla relativa Commissione bicamerale. Per questo motivo, il messinese in quota dem si ritiene soddisfatto degli attuali sviluppi del percorso parlamentare sul regionalismo differenziato, in quanto sarebbero stati sciolti finalmente i nodi pi\u00f9 problematici della riforma originariamente voluta dalla Lega. Riportiamo qui di seguito alcuni punti salienti della nota a firma di Navarra:<br \/>\n&#8220;<em>La battaglia per un regionalismo differenziato equilibrato e che non sia strumento di una strategia tesa creare clamorose diseguaglianze all\u2019interno del Paese (a scapito soprattutto dei nostri territori), \u00e8 stata e continua ad essere una delle linee guida del mio lavoro parlamentare. Per questo, adesso, accolgo con piena soddisfazione gli ultimi sviluppi maturati su questo fronte.<\/em><br \/>\n&#8220;<em>Come si ricorder\u00e0, infatti, nella primavera dello scorso anno i rappresentanti dei territori del Mezzogiorno eletti nelle fila del Partito Democratico alla Camera dei Deputati avevano sottoscritto un documento in cui si indicava il percorso da intraprendere in tema di regionalismo differenziato e si manifestava la preoccupazione per un\u2019idea di autonomia regionale che avrebbe, con tutta probabilit\u00e0, spaccato in due il Paese. In quello stesso periodo, la Commissione bicamerale per l\u2019attuazione del federalismo fiscale aveva avviato un\u2019indagine approfondita dello stato di attuazione del federalismo in Italia e delle richieste di autonomia differenziata promosse dalle diverse Regioni al Governo nazionale. La discussione in Commissione, durata diversi mesi, si \u00e8 svolta anche attraverso l\u2019audizione di molti esperti ed esponenti delle istituzioni nazionali e regionali che hanno contribuito a fare luce sui diversi aspetti controversi e oggetto di dibattito parlamentare. I lavori della Commissione sono riassunti nella <strong>Relazione semestrale approvata la scorsa settimana<\/strong> con il voto unanime dei suoi componenti.<\/em><br \/>\n&#8220;<em>Un esame attento dei contenuti della relazione rivela che le perplessit\u00e0 evidenziate nel documento sottoscritto dai parlamentari del PD sono state largamente confermate nel testo. \u00c8 stato ribadito che l\u2019obiettivo di aumentare il livello di efficienza della pubblica amministrazione e la responsabilit\u00e0 dei rappresentanti nelle assemblee elettive nei confronti dei cittadini non possa essere disgiunto dall\u2019interesse di garantire in modo omogeneo l\u2019offerta dei beni e dei servizi pubblici su tutto il territorio nazionale. In questo senso, la promozione del regionalismo differenziato deve essere perseguita nell\u2019interesse dell\u2019unit\u00e0 del Paese. Pertanto, le procedure per l\u2019attribuzione di una maggiore autonomia di entrata e di spesa alle regioni che ne fanno richiesta devono essere implementate nel rispetto dei principi di solidariet\u00e0 e coesione sociale attraverso l\u2019istituzione di un fondo perequativo per i territori con minore capacit\u00e0 fiscale per abitante e la preliminare definizione dei livelli essenziali delle prestazioni (Lep). A tal proposito, \u00e8 stato, infatti, chiarito che la definizione dei fabbisogni standard \u00e8 chiaramente incompleta dal punto di vista tecnico in assenza di una definizione dei Lep, poich\u00e9 i primi sono in larga parte la traduzione dei secondi. Quindi, in assenza della definizione dei Lep tutto l\u2019impianto del federalismo fiscale verrebbe privato di un elemento essenziale.<\/em><br \/>\n&#8220;<em>La Commissione bicamerale per l\u2019attuazione del federalismo fiscale, quindi, ribadendo l\u2019importanza di dare risposta, con doverosa sollecitudine, alle esigenze di autonomia espresse da diversi territori, nella sua relazione semestrale ha ampiamente accolto le osservazioni contenute nel documento sottoscritto dai deputati del PD: procedere speditamente con l\u2019attuazione del regionalismo differenziato, mantenendo ferme le garanzie costituzionali di solidariet\u00e0 e coesione sociale in un percorso che deve essere svolto nell\u2019interesse dell\u2019intero Paese<\/em>&#8220;.<div id=\"div-gpt-ad-Messinaoggi.it-DSK-300x250-corpoart\" style=\"text-align:center;margin:0 auto;\"><\/div><\/p>\n<div id=\"videoincontent\" style=\"clear:both\";><\/div>","protected":false},"excerpt":{"rendered":"<p>L\u2019esponente messinese del Pd alla Camera dei Deputati Pietro Navarra \u00e8 intervenuto sul regionalismo differenziato, spiegando in estrema sintesi di non ritenersi ideologicamente contrario al regionalismo differenziato, quanto piuttosto di essere avverso a tale tema nella misura in cui ci\u00f2 possa incrementare il divario economico tra Nord e Sud del paese, cos\u00ec come sarebbe accaduto [&hellip;]<\/p>\n","protected":false},"author":8,"featured_media":15290,"comment_status":"closed","ping_status":"open","sticky":false,"template":"","format":"standard","meta":{"ub_ctt_via":"","_mi_skip_tracking":false},"categories":[4],"tags":[],"featured_image_src":"https:\/\/www.messinaoggi.it\/website\/wp-content\/uploads\/2018\/02\/navarra-N82A8454-1.jpg","author_info":{"display_name":"red..me","author_link":"https:\/\/www.messinaoggi.it\/website\/author\/redstage\/"},"digistream_id":0,"digistream":false,"_links":{"self":[{"href":"https:\/\/www.messinaoggi.it\/website\/wp-json\/wp\/v2\/posts\/38349"}],"collection":[{"href":"https:\/\/www.messinaoggi.it\/website\/wp-json\/wp\/v2\/posts"}],"about":[{"href":"https:\/\/www.messinaoggi.it\/website\/wp-json\/wp\/v2\/types\/post"}],"author":[{"embeddable":true,"href":"https:\/\/www.messinaoggi.it\/website\/wp-json\/wp\/v2\/users\/8"}],"replies":[{"embeddable":true,"href":"https:\/\/www.messinaoggi.it\/website\/wp-json\/wp\/v2\/comments?post=38349"}],"version-history":[{"count":0,"href":"https:\/\/www.messinaoggi.it\/website\/wp-json\/wp\/v2\/posts\/38349\/revisions"}],"wp:featuredmedia":[{"embeddable":true,"href":"https:\/\/www.messinaoggi.it\/website\/wp-json\/wp\/v2\/media\/15290"}],"wp:attachment":[{"href":"https:\/\/www.messinaoggi.it\/website\/wp-json\/wp\/v2\/media?parent=38349"}],"wp:term":[{"taxonomy":"category","embeddable":true,"href":"https:\/\/www.messinaoggi.it\/website\/wp-json\/wp\/v2\/categories?post=38349"},{"taxonomy":"post_tag","embeddable":true,"href":"https:\/\/www.messinaoggi.it\/website\/wp-json\/wp\/v2\/tags?post=38349"}],"curies":[{"name":"wp","href":"https:\/\/api.w.org\/{rel}","templated":true}]}}