{"id":38281,"date":"2019-11-09T09:01:27","date_gmt":"2019-11-09T08:01:27","guid":{"rendered":"https:\/\/www.messinaoggi.it\/website\/?p=38281"},"modified":"2019-11-09T09:01:27","modified_gmt":"2019-11-09T08:01:27","slug":"bramanti-risponde-a-fava-nessuna-incompatibilita","status":"publish","type":"post","link":"https:\/\/www.messinaoggi.it\/website\/2019\/11\/09\/bramanti-risponde-a-fava-nessuna-incompatibilita\/","title":{"rendered":"Bramanti risponde a Fava: Nessuna incompatibilit\u00e0"},"content":{"rendered":"<p class=\"s5\"><span class=\"s4\"><span class=\"bumpedFont15\">Dino Bramanti risponde a Fava sulla sua presunta incompatibilit\u00e0.<\/span><\/span><div id=\"div-gpt-ad-Messinaoggi.it-DSK-300x250-corpoart\" style=\"text-align:center;margin:0 auto;\"><\/div><\/p>\n<p class=\"s5\"><span class=\"s4\"><span class=\"bumpedFont15\">\u201dPur essend<\/span><\/span><span class=\"s4\"><span class=\"bumpedFont15\">o la sua richiesta rivolta all\u2019A<\/span><\/span><span class=\"s4\"><span class=\"bumpedFont15\">ssessorato della Salute, considero doveroso dare ai cittadini ogni utile informazione sull\u2019interesse che <\/span><\/span><span class=\"s4\"><span class=\"bumpedFont15\">l\u2019on. Fava<\/span><\/span><span class=\"s4\"><span class=\"bumpedFont15\"> ha rivolto alla mia persona. Sul perch\u00e9 di questa interrogazione e perch\u00e9 proprio in questo momento bisogna chiedere a lui. Ritengo che il mio operato sia ben lungi dalla sua sfera di competenza <\/span><\/span><span class=\"s4\"><span class=\"bumpedFont15\">(mi riferisco ai criminali mafiosi ovviamente) <\/span><\/span><span class=\"s4\"><span class=\"bumpedFont15\">non solo perch\u00e9 nel mio lungo corso di <\/span><\/span><span class=\"s4\"><span class=\"bumpedFont15\">lavoro<\/span><\/span><span class=\"s4\"><span class=\"bumpedFont15\"> pubblic<\/span><\/span><span class=\"s4\"><span class=\"bumpedFont15\">o<\/span><\/span><span class=\"s4\"><span class=\"bumpedFont15\"> non ho mai riportato alcuna condanna ma anche perch\u00e9 ritengo di aver operato nell\u2019interesse dei cittadini e soprattutto dei pi\u00f9 bisognosi<\/span><\/span><span class=\"s4\"><span class=\"bumpedFont15\"> in termini di salute, di scala sociale e di lavoratori.<\/span><\/span><div id=\"videoincontent\" style=\"clear:both\";><\/div><\/p>\n<p class=\"s3\"><span class=\"s4\"><span class=\"bumpedFont15\">I dubbi posti riguardano la p<\/span><\/span><span class=\"s4\"><span class=\"bumpedFont15\">rosecuzione <\/span><\/span><span class=\"s4\"><span class=\"bumpedFont15\">dell\u2019incarico di Direttore Scientifico dell\u2019IRCCS a seguito della quiescenza universitaria dal primo ottobre 2019 e la compatibilit\u00e0\/<\/span><\/span><span class=\"s4\"><span class=\"bumpedFont15\">conferibilit\u00e0<\/span><\/span><span class=\"s4\"><span class=\"bumpedFont15\">\/eleggibilit\u00e0 <\/span><\/span><span class=\"s4\"><span class=\"bumpedFont15\">(e perch\u00e9 no di presentabilit\u00e0) nella qualit\u00e0 <\/span><\/span><span class=\"s4\"><span class=\"bumpedFont15\">di consigliere comunale nonch\u00e9 l\u2019opportunit\u00e0 <\/span><\/span><span class=\"s4\"><span class=\"bumpedFont15\">a ricoprire questi ruoli<\/span><\/span><span class=\"s4\"><span class=\"bumpedFont15\">. A tutti i quesiti giuridico-amministrativi<\/span><\/span> <span class=\"s4\"><span class=\"bumpedFont15\">rispondono le norme vigenti. <\/span><\/span><span class=\"s4\"><span class=\"bumpedFont15\">Senza alcun dubbio il<\/span><\/span><span class=\"s4\"><span class=\"bumpedFont15\"> Ministero della Salute <\/span><\/span><span class=\"s4\"><span class=\"bumpedFont15\">ha tagliato corto affermando<\/span><\/span><span class=\"s4\"><span class=\"bumpedFont15\"> che<\/span><\/span><span class=\"s4\"><span class=\"bumpedFont15\">\u201c<\/span><\/span><span class=\"s6\"><span class=\"bumpedFont15\">non sussistono profili ostativi alla <\/span><\/span><span class=\"s6\"><span class=\"bumpedFont15\">proseguibilit\u00e0<\/span><\/span><span class=\"s6\"><span class=\"bumpedFont15\"> dell\u2019incarico del P<\/span><\/span><span class=\"s6\"><span class=\"bumpedFont15\">rof. Bramanti di Direttore Scientifico fino alla scadenza contrattuale del 2021<\/span><\/span><span class=\"s6\"><span class=\"bumpedFont15\">\u201d<\/span><\/span><span class=\"s4\"><span class=\"bumpedFont15\">. <\/span><\/span><span class=\"s4\"><span class=\"bumpedFont15\">Per quel che riguarda la presunta incompatibilit\u00e0, la giurisprudenza si \u00e8 pi\u00f9 volte espressa<\/span><\/span><span class=\"s4\"><span class=\"bumpedFont15\">evidenziando che tali norme<\/span><\/span> <span class=\"s4\"><span class=\"bumpedFont15\">si applicano solo ed esclusivamente al <\/span><\/span><span class=\"s4\"><span class=\"bumpedFont15\">Direttore Generale, Sanitario o Amministrativo <\/span><\/span><span class=\"s4\"><span class=\"bumpedFont15\">delle Aziende Sanitarie e non al Direttore Scientifico, <\/span><\/span><span class=\"s4\"><span class=\"bumpedFont15\">chiar<\/span><\/span><span class=\"s4\"><span class=\"bumpedFont15\">endo<\/span><\/span><span class=\"s4\"><span class=\"bumpedFont15\"> ogni possibile dubbio interpretativo sul secondo punto. Quanto poi all\u2019inopportunit\u00e0, questo aspetto non \u00e8 governato da leggi o interpretazioni amministrative<\/span><\/span><span class=\"s4\"><span class=\"bumpedFont15\"> e si riferisce ad una semplice considerazione<\/span><\/span><span class=\"s4\"><span class=\"bumpedFont15\">,<\/span><\/span><span class=\"s4\"><span class=\"bumpedFont15\"> se sul piano pratico sia opportuno<\/span><\/span><span class=\"s4\"><span class=\"bumpedFont15\">,<\/span><\/span> <span class=\"s4\"><span class=\"bumpedFont15\">o meno<\/span><\/span><span class=\"s4\"><span class=\"bumpedFont15\">,<\/span><\/span><span class=\"s4\"><span class=\"bumpedFont15\">svolger<\/span><\/span><span class=\"s4\"><span class=\"bumpedFont15\">e<\/span><\/span> <span class=\"s4\"><span class=\"bumpedFont15\">queste attivit\u00e0<\/span><\/span><span class=\"s4\"><span class=\"bumpedFont15\"> laddove la legge<\/span><\/span><span class=\"s4\"><span class=\"bumpedFont15\">,<\/span><\/span><span class=\"s4\"><span class=\"bumpedFont15\"> come gi\u00e0 visto<\/span><\/span><span class=\"s4\"><span class=\"bumpedFont15\">,<\/span><\/span><span class=\"s4\"><span class=\"bumpedFont15\"> le <\/span><\/span><span class=\"s4\"><span class=\"bumpedFont15\">rende possibili<\/span><\/span><span class=\"s4\"><span class=\"bumpedFont15\"> e assolutamente compatibili<\/span><\/span><span class=\"s4\"><span class=\"bumpedFont15\">. Ritengo che per la competizione elettorale a Sindaco di Messina<\/span><\/span><span class=\"s4\"><span class=\"bumpedFont15\">,<\/span><\/span><span class=\"s4\"><span class=\"bumpedFont15\"> il Presidente della Regione e l\u2019Assessore <\/span><\/span><span class=\"s4\"><span class=\"bumpedFont15\">della Salute abbiamo supportato la mia candidatura non per via della carriera politica precedente priva di tessere, <\/span><\/span><span class=\"s4\"><span class=\"bumpedFont15\">o per l\u2019<\/span><\/span><span class=\"s4\"><span class=\"bumpedFont15\">impegno e<\/span><\/span><span class=\"s4\"><span class=\"bumpedFont15\"> l\u2019<\/span><\/span><span class=\"s4\"><span class=\"bumpedFont15\">esperienza in tale ambito, ma per le competenze professionali-gestionali ricadenti <\/span><\/span><span class=\"s4\"><span class=\"bumpedFont15\">sulle strutture pubbliche e, nello specifico<\/span><\/span><span class=\"s4\"><span class=\"bumpedFont15\">,<\/span><\/span><span class=\"s4\"><span class=\"bumpedFont15\"> nel settore <\/span><\/span><span class=\"s4\"><span class=\"bumpedFont15\">scientifico e <\/span><\/span><span class=\"s4\"><span class=\"bumpedFont15\">sanitario e<\/span><\/span><span class=\"s4\"><span class=\"bumpedFont15\"> per i <\/span><\/span><span class=\"s4\"><span class=\"bumpedFont15\">risultati lavorativi conseguiti <\/span><\/span><span class=\"s4\"><span class=\"bumpedFont15\">in ambito economico e lavorativo nel massimo della<\/span><\/span><span class=\"s4\"><span class=\"bumpedFont15\"> trasparenza<\/span><\/span><span class=\"s4\"><span class=\"bumpedFont15\"> amministrativa<\/span><\/span><span class=\"s4\"><span class=\"bumpedFont15\"> riconosciut<\/span><\/span><span class=\"s4\"><span class=\"bumpedFont15\">a <\/span><\/span><span class=\"s4\"><span class=\"bumpedFont15\">a livello nazionale. Per questo motivo ho accettato e mi sono impegnato, per quanto possibile, in questo ruolo che si riverbera ancora oggi<\/span><\/span><span class=\"s4\"><span class=\"bumpedFont15\"> dagli scranni del Comune<\/span><\/span><span class=\"s4\"><span class=\"bumpedFont15\"> ai<\/span><\/span><span class=\"s4\"><span class=\"bumpedFont15\"> laboratori di ricerca<\/span><\/span><span class=\"s4\"><span class=\"bumpedFont15\">, <\/span><\/span><span class=\"s4\"><span class=\"bumpedFont15\">alle degenze<\/span><\/span><span class=\"s4\"><span class=\"bumpedFont15\">, <\/span><\/span><span class=\"s4\"><span class=\"bumpedFont15\">ai consessi nazionali ed internazionali. Pur non confliggendo e senza incorrere in dimenticanze o commistioni sia in campagna elettorale che dopo, ho sempre cercato <\/span><\/span><span class=\"s4\"><span class=\"bumpedFont15\">di portare il meglio della mia esperienza e del mio lavoro a <\/span><\/span><span class=\"s4\"><span class=\"bumpedFont15\">chi ha avuto e ha ancora bisogno di noi, <\/span><\/span><span class=\"s4\"><span class=\"bumpedFont15\">e prover\u00f2 a farlo ancora fino alla fine della mia <\/span><\/span><span class=\"s4\"><span class=\"bumpedFont15\">attivit\u00e0<\/span><\/span><span class=\"s4\"><span class=\"bumpedFont15\">. <\/span><\/span><span class=\"s4\"><span class=\"bumpedFont15\">Senza condanne e con la coscienza e la competenza di chi ha fatto della appartenenza alla sua terra e della qualit\u00e0 dei suoi concittadini terreno di confronto extraregionale con tutti e di orgoglio siciliano<\/span><\/span><span class=\"s4\"><span class=\"bumpedFont15\">. S<\/span><\/span><span class=\"s4\"><span class=\"bumpedFont15\">ono consapevole dei<\/span><\/span><span class=\"s4\"><span class=\"bumpedFont15\"> risultati tangibili e spero universalmente interpretabili fin qui raggiunti in ambito lavorativo. Se questo \u00e8 un crimine e per di pi\u00f9 di stampo mafioso, lasciatemi dire che finora non ho capito nulla di nulla. Ma \u00e8 pur certo che lo rifarei!\u201d<\/span><\/span><span class=\"s4\"><span class=\"bumpedFont15\">.<\/span><\/span><\/p>\n","protected":false},"excerpt":{"rendered":"<p>Dino Bramanti risponde a Fava sulla sua presunta incompatibilit\u00e0. \u201dPur essendo la sua richiesta rivolta all\u2019Assessorato della Salute, considero doveroso dare ai cittadini ogni utile informazione sull\u2019interesse che l\u2019on. Fava ha rivolto alla mia persona. Sul perch\u00e9 di questa interrogazione e perch\u00e9 proprio in questo momento bisogna chiedere a lui. Ritengo che il mio operato [&hellip;]<\/p>\n","protected":false},"author":2,"featured_media":21728,"comment_status":"closed","ping_status":"open","sticky":false,"template":"","format":"standard","meta":{"ub_ctt_via":"","_mi_skip_tracking":false},"categories":[6],"tags":[],"featured_image_src":"https:\/\/www.messinaoggi.it\/website\/wp-content\/uploads\/2018\/07\/IMG_20180710_100951-1.jpg","author_info":{"display_name":"Redazione","author_link":"https:\/\/www.messinaoggi.it\/website\/author\/redazione\/"},"digistream_id":0,"digistream":false,"_links":{"self":[{"href":"https:\/\/www.messinaoggi.it\/website\/wp-json\/wp\/v2\/posts\/38281"}],"collection":[{"href":"https:\/\/www.messinaoggi.it\/website\/wp-json\/wp\/v2\/posts"}],"about":[{"href":"https:\/\/www.messinaoggi.it\/website\/wp-json\/wp\/v2\/types\/post"}],"author":[{"embeddable":true,"href":"https:\/\/www.messinaoggi.it\/website\/wp-json\/wp\/v2\/users\/2"}],"replies":[{"embeddable":true,"href":"https:\/\/www.messinaoggi.it\/website\/wp-json\/wp\/v2\/comments?post=38281"}],"version-history":[{"count":0,"href":"https:\/\/www.messinaoggi.it\/website\/wp-json\/wp\/v2\/posts\/38281\/revisions"}],"wp:featuredmedia":[{"embeddable":true,"href":"https:\/\/www.messinaoggi.it\/website\/wp-json\/wp\/v2\/media\/21728"}],"wp:attachment":[{"href":"https:\/\/www.messinaoggi.it\/website\/wp-json\/wp\/v2\/media?parent=38281"}],"wp:term":[{"taxonomy":"category","embeddable":true,"href":"https:\/\/www.messinaoggi.it\/website\/wp-json\/wp\/v2\/categories?post=38281"},{"taxonomy":"post_tag","embeddable":true,"href":"https:\/\/www.messinaoggi.it\/website\/wp-json\/wp\/v2\/tags?post=38281"}],"curies":[{"name":"wp","href":"https:\/\/api.w.org\/{rel}","templated":true}]}}