{"id":38221,"date":"2019-11-07T11:55:16","date_gmt":"2019-11-07T10:55:16","guid":{"rendered":"https:\/\/www.messinaoggi.it\/website\/?p=38221"},"modified":"2019-11-07T11:55:16","modified_gmt":"2019-11-07T10:55:16","slug":"finanziaria-cgil-cisl-e-uil-per-i-siciliani-si-profila-una-manovra-lacrime-e-sangue","status":"publish","type":"post","link":"https:\/\/www.messinaoggi.it\/website\/2019\/11\/07\/finanziaria-cgil-cisl-e-uil-per-i-siciliani-si-profila-una-manovra-lacrime-e-sangue\/","title":{"rendered":"Finanziaria, Cgil Cisl e Uil: \u201cPer i siciliani si profila una manovra lacrime e sangue&quot;"},"content":{"rendered":"<p>\u201c<em>Se la Regione dovesse coprire in tre anni il buco di 780 milioni di euro come dichiarato dalla Corte dei Conti, sulla base della normativa vigente a livello nazionale, per i siciliani si profilerebbe una manovra finanziaria lacrime e sangue<\/em>\u201d. \u00c8 l&#8217;allarme lanciato da Alfio Mannino, Sebastiano Cappuccio e Claudio Barone, segretari rispettivamente di Cgil, Cisl e Uil regionali, mostrandosi preoccupati per tale vicenda, considerato che tra le altre cose la Sicilia \u00e8 di fatto in esercizio provvisorio, vale a dire le varie voci di spesa possono essere realizzate in dodicesimi. Dunque, non soltanto bisogna coprire in tre anni un enorme buco finanziario, ma bisogna farlo ricorrendo a delle risorse limitatissime.<br \/>\n\u201c<em>Siamo gi\u00e0 virtualmente in esercizio provvisorio con tutto quello che ne comporta.<\/em> &#8211; proseguono i sindacalisti &#8211; <em>Con le spese in dodicesimi sar\u00e0 impossibile intervenire sulle emergenze che attanagliano la nostra regione. Gi\u00e0 la Provincia di Siracusa, ad esempio, per questo mese non pagher\u00e0 gli stipendi non sapendo come recuperare le risorse. Nella stessa situazione diversi comuni siciliani in dissesto finanziario. Con il bilancio in dodicesimi<\/em> <em>nessuno potr\u00e0 prelevare un euro. In questo quadro non esistono le condizioni per varare una legge finanziaria accettabile, chiediamo pertanto al governo nazionale di rinominare al pi\u00f9 presto la commissione paritetica Stato-Regione per individuare con l\u2019amministrazione regionale gli interventi normativi necessari per sbloccare questa situazione<\/em>\u201d.<div id=\"div-gpt-ad-Messinaoggi.it-DSK-300x250-corpoart\" style=\"text-align:center;margin:0 auto;\"><\/div><\/p>\n<div id=\"videoincontent\" style=\"clear:both\";><\/div>","protected":false},"excerpt":{"rendered":"<p>\u201cSe la Regione dovesse coprire in tre anni il buco di 780 milioni di euro come dichiarato dalla Corte dei Conti, sulla base della normativa vigente a livello nazionale, per i siciliani si profilerebbe una manovra finanziaria lacrime e sangue\u201d. \u00c8 l&#8217;allarme lanciato da Alfio Mannino, Sebastiano Cappuccio e Claudio Barone, segretari rispettivamente di Cgil, [&hellip;]<\/p>\n","protected":false},"author":8,"featured_media":312,"comment_status":"closed","ping_status":"open","sticky":false,"template":"","format":"standard","meta":{"ub_ctt_via":"","_mi_skip_tracking":false},"categories":[11],"tags":[],"featured_image_src":"https:\/\/www.messinaoggi.it\/website\/wp-content\/uploads\/2017\/05\/Ars-2.jpg","author_info":{"display_name":"red..me","author_link":"https:\/\/www.messinaoggi.it\/website\/author\/redstage\/"},"digistream_id":0,"digistream":false,"_links":{"self":[{"href":"https:\/\/www.messinaoggi.it\/website\/wp-json\/wp\/v2\/posts\/38221"}],"collection":[{"href":"https:\/\/www.messinaoggi.it\/website\/wp-json\/wp\/v2\/posts"}],"about":[{"href":"https:\/\/www.messinaoggi.it\/website\/wp-json\/wp\/v2\/types\/post"}],"author":[{"embeddable":true,"href":"https:\/\/www.messinaoggi.it\/website\/wp-json\/wp\/v2\/users\/8"}],"replies":[{"embeddable":true,"href":"https:\/\/www.messinaoggi.it\/website\/wp-json\/wp\/v2\/comments?post=38221"}],"version-history":[{"count":0,"href":"https:\/\/www.messinaoggi.it\/website\/wp-json\/wp\/v2\/posts\/38221\/revisions"}],"wp:featuredmedia":[{"embeddable":true,"href":"https:\/\/www.messinaoggi.it\/website\/wp-json\/wp\/v2\/media\/312"}],"wp:attachment":[{"href":"https:\/\/www.messinaoggi.it\/website\/wp-json\/wp\/v2\/media?parent=38221"}],"wp:term":[{"taxonomy":"category","embeddable":true,"href":"https:\/\/www.messinaoggi.it\/website\/wp-json\/wp\/v2\/categories?post=38221"},{"taxonomy":"post_tag","embeddable":true,"href":"https:\/\/www.messinaoggi.it\/website\/wp-json\/wp\/v2\/tags?post=38221"}],"curies":[{"name":"wp","href":"https:\/\/api.w.org\/{rel}","templated":true}]}}