{"id":38177,"date":"2019-11-05T20:25:44","date_gmt":"2019-11-05T19:25:44","guid":{"rendered":"https:\/\/www.messinaoggi.it\/website\/?p=38177"},"modified":"2019-11-05T20:25:44","modified_gmt":"2019-11-05T19:25:44","slug":"nomina-bramanti-al-neurolesi-fava-a-razza-possibili-profili-di-incompatibilita","status":"publish","type":"post","link":"https:\/\/www.messinaoggi.it\/website\/2019\/11\/05\/nomina-bramanti-al-neurolesi-fava-a-razza-possibili-profili-di-incompatibilita\/","title":{"rendered":"Nomina Bramanti al Neurolesi, Fava a Razza: &quot;Possibili profili di incompatibilit\u00e0&quot;"},"content":{"rendered":"<p>Il presidente del gruppo misto all\u2019Ars Claudio Fava ha recentemente inoltrato un\u2019interrogazione all\u2019assessore regionale alla Salute Ruggero Razza \u201c<em>per sapere se non ravvisi l&#8217;esistenza <\/em><em>di profili di incompatibilit\u00e0 con la carica di direttore scientifico attualmente ricoperta al Centro Neurolesi da Placido Bramanti derivanti dalla mutata condizione lavorativa dello stesso Bramanti<\/em>\u201d.<br \/>\n&#8220;<em>Infatti, a decorrere dallo scorso primo ottobre,<\/em> &#8211; spiega Fava &#8211; <em>Bramanti \u00e8 stato collocato in quiescenza da dipendente dell&#8217;Universit\u00e0 di Messina per raggiunti limiti di et\u00e0. Risulta allo scrivente come, nonostante la procedura di messa in quiescenza, Bramanti mantenga a tutt&#8217;oggi il contratto di prestazione d&#8217;opera con il Centro Neurolesi<\/em>&#8220;.<br \/>\nInoltre, Fava ha chiesto a Razza di valutare &#8220;<em>se non ravvisi un&#8217;inopportunit\u00e0 derivante dall&#8217;incarico politico ricoperto ad oggi da Bramanti. Infatti, Bramanti \u00e8 stato eletto consigliere comunale di Messina alle elezioni del 2018<\/em>&#8220;.<div id=\"div-gpt-ad-Messinaoggi.it-DSK-300x250-corpoart\" style=\"text-align:center;margin:0 auto;\"><\/div><\/p>\n<div id=\"videoincontent\" style=\"clear:both\";><\/div>","protected":false},"excerpt":{"rendered":"<p>Il presidente del gruppo misto all\u2019Ars Claudio Fava ha recentemente inoltrato un\u2019interrogazione all\u2019assessore regionale alla Salute Ruggero Razza \u201cper sapere se non ravvisi l&#8217;esistenza di profili di incompatibilit\u00e0 con la carica di direttore scientifico attualmente ricoperta al Centro Neurolesi da Placido Bramanti derivanti dalla mutata condizione lavorativa dello stesso Bramanti\u201d. &#8220;Infatti, a decorrere dallo scorso [&hellip;]<\/p>\n","protected":false},"author":8,"featured_media":21364,"comment_status":"closed","ping_status":"open","sticky":false,"template":"","format":"standard","meta":{"ub_ctt_via":"","_mi_skip_tracking":false},"categories":[4],"tags":[],"featured_image_src":"https:\/\/www.messinaoggi.it\/website\/wp-content\/uploads\/2018\/06\/bramanti-2-1.jpg","author_info":{"display_name":"red..me","author_link":"https:\/\/www.messinaoggi.it\/website\/author\/redstage\/"},"digistream_id":0,"digistream":false,"_links":{"self":[{"href":"https:\/\/www.messinaoggi.it\/website\/wp-json\/wp\/v2\/posts\/38177"}],"collection":[{"href":"https:\/\/www.messinaoggi.it\/website\/wp-json\/wp\/v2\/posts"}],"about":[{"href":"https:\/\/www.messinaoggi.it\/website\/wp-json\/wp\/v2\/types\/post"}],"author":[{"embeddable":true,"href":"https:\/\/www.messinaoggi.it\/website\/wp-json\/wp\/v2\/users\/8"}],"replies":[{"embeddable":true,"href":"https:\/\/www.messinaoggi.it\/website\/wp-json\/wp\/v2\/comments?post=38177"}],"version-history":[{"count":0,"href":"https:\/\/www.messinaoggi.it\/website\/wp-json\/wp\/v2\/posts\/38177\/revisions"}],"wp:featuredmedia":[{"embeddable":true,"href":"https:\/\/www.messinaoggi.it\/website\/wp-json\/wp\/v2\/media\/21364"}],"wp:attachment":[{"href":"https:\/\/www.messinaoggi.it\/website\/wp-json\/wp\/v2\/media?parent=38177"}],"wp:term":[{"taxonomy":"category","embeddable":true,"href":"https:\/\/www.messinaoggi.it\/website\/wp-json\/wp\/v2\/categories?post=38177"},{"taxonomy":"post_tag","embeddable":true,"href":"https:\/\/www.messinaoggi.it\/website\/wp-json\/wp\/v2\/tags?post=38177"}],"curies":[{"name":"wp","href":"https:\/\/api.w.org\/{rel}","templated":true}]}}