{"id":38172,"date":"2019-11-05T15:42:05","date_gmt":"2019-11-05T14:42:05","guid":{"rendered":"https:\/\/www.messinaoggi.it\/website\/?p=38172"},"modified":"2019-11-05T15:42:05","modified_gmt":"2019-11-05T14:42:05","slug":"de-luca-contrae-la-leishmaniosi-nelle-baracche-mli-verificare-se-ci-sono-altri-casi","status":"publish","type":"post","link":"https:\/\/www.messinaoggi.it\/website\/2019\/11\/05\/de-luca-contrae-la-leishmaniosi-nelle-baracche-mli-verificare-se-ci-sono-altri-casi\/","title":{"rendered":"De Luca contrae la leishmaniosi nelle baracche, Mli: &quot;Verificare se ci sono altri casi&quot;"},"content":{"rendered":"<p>\u00c8 di certo una notizia che sar\u00e0 destinata a far discutere quella che vedrebbe il sindaco Cateno De Luca contrarre la leishmaniosi durante i suoi sopralluoghi presso le aree da risanare.<div id=\"div-gpt-ad-Messinaoggi.it-DSK-300x250-corpoart\" style=\"text-align:center;margin:0 auto;\"><\/div><\/p>\n<blockquote class=\"wp-embedded-content\" data-secret=\"TkOV6vPW0R\"><p><a href=\"https:\/\/www.messinaoggi.it\/website\/2019\/11\/05\/de-luca-choc-forse-ho-contratto-la-leishmaniosi-nelle-baracche\/\">De Luca choc: &quot;Forse ho contratto la leishmaniosi nelle baracche&quot;<\/a><div id=\"videoincontent\" style=\"clear:both\";><\/div><\/p><\/blockquote>\n<p><iframe class=\"wp-embedded-content\" sandbox=\"allow-scripts\" security=\"restricted\" style=\"position: absolute; clip: rect(1px, 1px, 1px, 1px);\" title=\"&#8220;De Luca choc: &quot;Forse ho contratto la leishmaniosi nelle baracche&quot;&#8221; &#8212; Messina Oggi\" src=\"https:\/\/www.messinaoggi.it\/website\/2019\/11\/05\/de-luca-choc-forse-ho-contratto-la-leishmaniosi-nelle-baracche\/embed\/#?secret=TkOV6vPW0R\" data-secret=\"TkOV6vPW0R\" width=\"500\" height=\"282\" frameborder=\"0\" marginwidth=\"0\" marginheight=\"0\" scrolling=\"no\"><\/iframe><br \/>\nE non solo perch\u00e9 a contrarre tale malattia potrebbe essere stato proprio il primo cittadino, ma anche perch\u00e9 ci\u00f2 potrebbe essere significativo del fatto che una fetta della popolazione messinese potrebbe averla contratta, vale a dire quella che vive nelle baracche. A tal proposito, il Movimento Liberi Insieme ha scritto all\u2019Asp e alla Prefettura di Messina affinch\u00e9 eseguano tutti gli accertamenti del caso: \u201c<em>Nell\u2019essere vicini al sindaco, sperando che lo stesso possa recuperare a pieno nel pi\u00f9 breve tempo possibile,<\/em> &#8211; spiega il capogruppo di Mli Roberto Cerreti &#8211; <em>non possiamo per\u00f2, sottrarci da riflessioni e quesiti importanti rispetto ai seri rischi che questa tipologia di malattia infettiva comporta o potrebbe comportare in termini di rischi igienico e sanitari, di diffusione epidemiologica e pi\u00f9 in generale di quieto vivere sociale.<\/em> <em>Innanzitutto, se effettivamente il Sindaco ha contratto il virus visitando le baracche messinesi, occorre comprendere qual \u00e8 allo stato attuale l\u2019incidenza della leishmaniosi sulla popolazione messinese che vive purtroppo nelle baraccopoli e di quale tipologia di infezione si parla, considerando che la stessa, conosciuta in tre tipi, <\/em><em>cutanea, mucocutanea e viscerale, <\/em><em>in alcuni casi pu\u00f2 essere letale<\/em>\u201d.<br \/>\n\u201c<em>Allo stesso modo,<\/em> &#8211; prosegue Cerreti &#8211; <em>si apprende da banali ricerche internet che il metodo di trasmissione pi\u00f9 rapido e diffuso, oltre alla trasfusione di sangue, \u00e8 rappresentato dal morso del pappatace femmina, piccolo insetto che risucchiando sangue infetto da un essere umano, ha la capacit\u00e0 di trasmettere il virus ad un altro soggetto, rendendo di fatto chi ha contratto la malattia un portatore sano potenzialmente pericoloso per la diffusione della stessa tra la popolazione. <\/em><em>Attualmente non sono in commercio vaccini n\u00e9 farmaci in grado di prevenire l\u2019infezione (solo per i cani \u00e8 disponibile da pochi mesi in Italia un vaccino), per cui chiediamo con la presente, al fine di essere opportunamente rassicurati sui rischi a cui potenzialmente potrebbe essere esposta la popolazione locale, di conoscere se esistono altri casi, oltre al sindaco de Luca, di leishmaniosi umana in citt\u00e0 e\u00a0 quali tipi di infezione presente, quale l\u2019incidenza della malattia infettiva sul tessuto sociale messinese, ed infine, quali in caso gli interventi preventivi posti in essere dall\u2019Asp di Messina per tutelare ed arginare la malattia e l\u2019eventuale fenomeno epidemiologico di diffusione tra la comunit\u00e0<\/em>\u201d.<\/p>\n","protected":false},"excerpt":{"rendered":"<p>\u00c8 di certo una notizia che sar\u00e0 destinata a far discutere quella che vedrebbe il sindaco Cateno De Luca contrarre la leishmaniosi durante i suoi sopralluoghi presso le aree da risanare. De Luca choc: &quot;Forse ho contratto la leishmaniosi nelle baracche&quot; E non solo perch\u00e9 a contrarre tale malattia potrebbe essere stato proprio il primo [&hellip;]<\/p>\n","protected":false},"author":8,"featured_media":16782,"comment_status":"closed","ping_status":"open","sticky":false,"template":"","format":"standard","meta":{"ub_ctt_via":"","_mi_skip_tracking":false},"categories":[4],"tags":[],"featured_image_src":"https:\/\/www.messinaoggi.it\/website\/wp-content\/uploads\/2018\/03\/fondo-fucile-baracche-messinaoggiMR-1.jpg","author_info":{"display_name":"red..me","author_link":"https:\/\/www.messinaoggi.it\/website\/author\/redstage\/"},"digistream_id":0,"digistream":false,"_links":{"self":[{"href":"https:\/\/www.messinaoggi.it\/website\/wp-json\/wp\/v2\/posts\/38172"}],"collection":[{"href":"https:\/\/www.messinaoggi.it\/website\/wp-json\/wp\/v2\/posts"}],"about":[{"href":"https:\/\/www.messinaoggi.it\/website\/wp-json\/wp\/v2\/types\/post"}],"author":[{"embeddable":true,"href":"https:\/\/www.messinaoggi.it\/website\/wp-json\/wp\/v2\/users\/8"}],"replies":[{"embeddable":true,"href":"https:\/\/www.messinaoggi.it\/website\/wp-json\/wp\/v2\/comments?post=38172"}],"version-history":[{"count":0,"href":"https:\/\/www.messinaoggi.it\/website\/wp-json\/wp\/v2\/posts\/38172\/revisions"}],"wp:featuredmedia":[{"embeddable":true,"href":"https:\/\/www.messinaoggi.it\/website\/wp-json\/wp\/v2\/media\/16782"}],"wp:attachment":[{"href":"https:\/\/www.messinaoggi.it\/website\/wp-json\/wp\/v2\/media?parent=38172"}],"wp:term":[{"taxonomy":"category","embeddable":true,"href":"https:\/\/www.messinaoggi.it\/website\/wp-json\/wp\/v2\/categories?post=38172"},{"taxonomy":"post_tag","embeddable":true,"href":"https:\/\/www.messinaoggi.it\/website\/wp-json\/wp\/v2\/tags?post=38172"}],"curies":[{"name":"wp","href":"https:\/\/api.w.org\/{rel}","templated":true}]}}