{"id":3814,"date":"2017-06-30T20:55:22","date_gmt":"2017-06-30T18:55:22","guid":{"rendered":"http:\/\/www.messinaoggi.it\/website\/?p=3814"},"modified":"2017-06-30T20:55:22","modified_gmt":"2017-06-30T18:55:22","slug":"vara-la-massoneria-si-scaglia-contro-accorinti-stavolta-si-e-superato-ogni-limite","status":"publish","type":"post","link":"https:\/\/www.messinaoggi.it\/website\/2017\/06\/30\/vara-la-massoneria-si-scaglia-contro-accorinti-stavolta-si-e-superato-ogni-limite\/","title":{"rendered":"Vara, la Massoneria si scaglia contro Accorinti: \u201cStavolta si \u00e8 superato ogni limite\u201d"},"content":{"rendered":"<p style=\"text-align: justify;\">\u201c<span style=\"font-family: Arial,sans-serif;\"><span style=\"font-size: medium;\">Il sindaco di Messina pu\u00f2 decidere di ricevere i fondi per la processione della Vara che vuole e da chi vuole, ma non pu\u00f2 chiedere certificazioni ed escludere associazioni se il loro legale rappresentante \u00e8 un membro della Massoneria\u201d. Lo afferma in una nota il Gran Maestro del Grande Oriente d&#8217;Italia, <b>Stefano Bisi<\/b>, a seguito delle polemiche del primo cittadino contro le donazioni per la Vara provenienti da soggetti appartenenti alla Massoneria.<\/span><\/span><div id=\"div-gpt-ad-Messinaoggi.it-DSK-300x250-corpoart\" style=\"text-align:center;margin:0 auto;\"><\/div><\/p>\n<p style=\"text-align: justify;\">\u201c<span style=\"font-family: Arial,sans-serif;\"><span style=\"font-size: medium;\">Bisogna avere rispetto di tutti i cittadini, non alzare steccati ideologici o addirittura dare delle patenti di mafiosit\u00e0 a Istituzioni che hanno solidi principi e valori e che hanno contribuito e contribuiscono all&#8217;elevazione dell&#8217;Uomo.<br \/>\nL&#8217;atto del rappresentante dei messinesi \u00e8 ignobile e grave e viola innanzitutto i principi etici ancor prima eventualmente di quelli costituzionali e giuridici. Si tratta di una decisione arbitraria e palesemente discriminatoria che genera immotivato odio nei confronti dei liberi muratori fatti passare, usando un eufemismo, per &#8220;donatori non graditi&#8221; e che \u00e8 contrario ad ogni principio di uguaglianza e di tolleranza delle altrui visioni e della Libert\u00e0 di pensiero e di associazione di cui anche il Grande Oriente d&#8217;Italia fa parte a pieno titolo\u201d.<\/span><\/span><div id=\"videoincontent\" style=\"clear:both\";><\/div><\/p>\n<p style=\"text-align: justify;\">\u201c<span style=\"font-family: Arial,sans-serif;\"><span style=\"font-size: medium;\">La persona che rappresenta la nobile citt\u00e0 di Messina non \u00e8 la prima volta che senza alcun motivo e con spregiudicato pregiudizio si lancia contro la Massoneria cercando di lederne l&#8217;immagine. Ma stavolta si \u00e8 superato ogni limite\u201d.<\/span><\/span><\/p>\n<p style=\"text-align: justify;\">\u201c<span style=\"font-family: Arial,sans-serif;\"><span style=\"font-size: medium;\">Proprio in questi giorni due insigni magistrati come il procuratore nazionale Antimafia Franco Roberti e il procuratore della Repubblica di Catanzaro Nicola Gratteri sono intervenuti in modo chiaro per sgombrare il campo da teoremi, sospetti ed illazioni. E, proprio il dottor Gratteri ha parlato di Massoneria deviata e non di Istituzioni ufficiali e storiche come il Grande Oriente d&#8217;Italia\u201d.<\/span><\/span><\/p>\n<p style=\"text-align: justify;\">\u201c<span style=\"font-family: Arial,sans-serif;\"><span style=\"font-size: medium;\">Ci sarebbe poi tanto da dire su una frase del sindaco che \u00e8 tutto un programma: &#8216;Questo di tenere lontano dalla Cosa Pubblica la Massoneria era nel nostro programma e lo abbiamo realizzato&#8217;. <\/span><\/span><\/p>\n<p style=\"text-align: justify;\"><span style=\"font-family: Arial,sans-serif;\"><span style=\"font-size: medium;\">Forse, e lo dicono non solo i fratelli messinesi, al contrario degli spot sarebbe bello sapere quali altri punti del programma sono stati realizzati per rilanciare questa meravigliosa Citt\u00e0\u201d.<\/span><\/span><\/p>\n<p style=\"text-align: justify;\">\u201c<span style=\"font-family: Arial,sans-serif;\"><span style=\"font-size: medium;\">Al signor Accorinti, che tra l&#8217;altro \u00e8 fra i seguaci del Dalai Lama e che dovrebbe avere maturato una spiritualit\u00e0 alta e il senso dell&#8217;Unione e non della Divisione, guardiamo con compassionevole tolleranza, virt\u00f9 che noi pratichiamo con umilt\u00e0 sin dall&#8217;inizio del nostro percorso massonico. E che per altri, Accorinti compreso, \u00e8 ancora una conquista molto, molto lontana. Rinnoviamo la nostra disponibilit\u00e0 a un pubblico confronto\u201d.<\/span><\/span><\/p>\n","protected":false},"excerpt":{"rendered":"<p>\u201cIl sindaco di Messina pu\u00f2 decidere di ricevere i fondi per la processione della Vara che vuole e da chi vuole, ma non pu\u00f2 chiedere certificazioni ed escludere associazioni se il loro legale rappresentante \u00e8 un membro della Massoneria\u201d. Lo afferma in una nota il Gran Maestro del Grande Oriente d&#8217;Italia, Stefano Bisi, a seguito [&hellip;]<\/p>\n","protected":false},"author":8,"featured_media":3815,"comment_status":"closed","ping_status":"open","sticky":false,"template":"","format":"standard","meta":{"ub_ctt_via":"","_mi_skip_tracking":false},"categories":[6],"tags":[],"featured_image_src":"https:\/\/www.messinaoggi.it\/website\/wp-content\/uploads\/2017\/06\/Gran-Maestro-del-Grande-Oriente-dItalia-Stefano-Bisi-massoneria-2.jpg","author_info":{"display_name":"red..me","author_link":"https:\/\/www.messinaoggi.it\/website\/author\/redstage\/"},"digistream_id":0,"digistream":false,"_links":{"self":[{"href":"https:\/\/www.messinaoggi.it\/website\/wp-json\/wp\/v2\/posts\/3814"}],"collection":[{"href":"https:\/\/www.messinaoggi.it\/website\/wp-json\/wp\/v2\/posts"}],"about":[{"href":"https:\/\/www.messinaoggi.it\/website\/wp-json\/wp\/v2\/types\/post"}],"author":[{"embeddable":true,"href":"https:\/\/www.messinaoggi.it\/website\/wp-json\/wp\/v2\/users\/8"}],"replies":[{"embeddable":true,"href":"https:\/\/www.messinaoggi.it\/website\/wp-json\/wp\/v2\/comments?post=3814"}],"version-history":[{"count":0,"href":"https:\/\/www.messinaoggi.it\/website\/wp-json\/wp\/v2\/posts\/3814\/revisions"}],"wp:featuredmedia":[{"embeddable":true,"href":"https:\/\/www.messinaoggi.it\/website\/wp-json\/wp\/v2\/media\/3815"}],"wp:attachment":[{"href":"https:\/\/www.messinaoggi.it\/website\/wp-json\/wp\/v2\/media?parent=3814"}],"wp:term":[{"taxonomy":"category","embeddable":true,"href":"https:\/\/www.messinaoggi.it\/website\/wp-json\/wp\/v2\/categories?post=3814"},{"taxonomy":"post_tag","embeddable":true,"href":"https:\/\/www.messinaoggi.it\/website\/wp-json\/wp\/v2\/tags?post=3814"}],"curies":[{"name":"wp","href":"https:\/\/api.w.org\/{rel}","templated":true}]}}