{"id":38047,"date":"2019-10-30T08:20:43","date_gmt":"2019-10-30T07:20:43","guid":{"rendered":"https:\/\/www.messinaoggi.it\/website\/?p=38047"},"modified":"2019-10-30T08:20:43","modified_gmt":"2019-10-30T07:20:43","slug":"vertenza-blue-jet-de-domenico-siamo-a-fianco-dei-lavoratori","status":"publish","type":"post","link":"https:\/\/www.messinaoggi.it\/website\/2019\/10\/30\/vertenza-blue-jet-de-domenico-siamo-a-fianco-dei-lavoratori\/","title":{"rendered":"Vertenza Blue Jet, De Domenico: &quot;Siamo a fianco dei lavoratori&quot;"},"content":{"rendered":"<p>\u201c<em>Nonostante la decisione sofferta di ricorrere a due scioperi che hanno creato grande disagio ai pendolari dello Stretto, la Blue Jet del gruppo Fs non ha fatto alcuna apertura ai lavoratori. Questo assordante silenzio di una societ\u00e0 pubblica che opera grazie alle risorse finanziare dei contribuenti non pu\u00f2 essere oltremodo tollerato<\/em>\u201d. Queste le dure parole del deputato all\u2019Ars del Pd Franco De Domenico, schierandosi cos\u00ec apertamente a fianco dei lavoratori della societ\u00e0.<br \/>\n\u201c<em>Abbiamo pi\u00f9 volte sottolineato come la vicenda Blue Jet abbia tanti lati poco chiari fin dalla sua costituzione.<\/em> \u2013 prosegue De Domenico \u2013 <em>Come \u00e8 noto la societ\u00e0 nasce in quanto il precedente Governo nazionale non ha inteso rinnovare il contratto di servizio alla Liberty Lines per motivi che non sono mai stati esplicitati in maniera trasparente. Oggi tuttavia assistiamo a una paradossale situazione in cui ai lavoratori Blue Jet viene applicato un contratto, con retribuzioni notevolmente inferiore sia rispetto ai colleghi che svolgono le stesse mansioni in altra societ\u00e0 del gruppo Ferrovie dello Stato sulla medesima tratta, sia, e questo e ancora pi\u00f9 paradossale, rispetto ai dipendenti dei vettori privati che operavano e operano sulle stesse tratte, pur svolgendo di fatto un servizio di continuit\u00e0 territoriale analogo e complementare a quello di Rfi Navigazione per il traghettamento dei treni, cui \u00e8 riconosciuto il contratto delle attivit\u00e0 ferroviarie.<\/em><br \/>\n\u201c<em>Il lavoro<\/em> \u2013 conclude il deputato regionale \u2013 <em>\u00e8 una emergenza alle nostre latitudini, non solo perch\u00e9 non si creano occasioni per incrementare l\u2019occupazione, ma anche perch\u00e9 bisogna evitare che la fame di lavoro autorizzi i datori di lavoro, peggio se soggetti pubblici, a \u201cimporre\u201d condizioni che non tutelano la dignit\u00e0 dei lavoratori, pertanto ci faremo promotori affinch\u00e9 si possa pervenire a breve ad un incontro presso il ministero dei Trasporti e delle Infrastrutture, coinvolgendo tutte le forze politiche nazionali e regionali<\/em>\u201d.<div id=\"div-gpt-ad-Messinaoggi.it-DSK-300x250-corpoart\" style=\"text-align:center;margin:0 auto;\"><\/div><\/p>\n<div id=\"videoincontent\" style=\"clear:both\";><\/div>","protected":false},"excerpt":{"rendered":"<p>\u201cNonostante la decisione sofferta di ricorrere a due scioperi che hanno creato grande disagio ai pendolari dello Stretto, la Blue Jet del gruppo Fs non ha fatto alcuna apertura ai lavoratori. Questo assordante silenzio di una societ\u00e0 pubblica che opera grazie alle risorse finanziare dei contribuenti non pu\u00f2 essere oltremodo tollerato\u201d. Queste le dure parole [&hellip;]<\/p>\n","protected":false},"author":8,"featured_media":38048,"comment_status":"closed","ping_status":"open","sticky":false,"template":"","format":"standard","meta":{"ub_ctt_via":"","_mi_skip_tracking":false},"categories":[4],"tags":[],"featured_image_src":"https:\/\/www.messinaoggi.it\/website\/wp-content\/uploads\/2019\/10\/mezzi-veloci-stretto.jpg","author_info":{"display_name":"red..me","author_link":"https:\/\/www.messinaoggi.it\/website\/author\/redstage\/"},"digistream_id":0,"digistream":false,"_links":{"self":[{"href":"https:\/\/www.messinaoggi.it\/website\/wp-json\/wp\/v2\/posts\/38047"}],"collection":[{"href":"https:\/\/www.messinaoggi.it\/website\/wp-json\/wp\/v2\/posts"}],"about":[{"href":"https:\/\/www.messinaoggi.it\/website\/wp-json\/wp\/v2\/types\/post"}],"author":[{"embeddable":true,"href":"https:\/\/www.messinaoggi.it\/website\/wp-json\/wp\/v2\/users\/8"}],"replies":[{"embeddable":true,"href":"https:\/\/www.messinaoggi.it\/website\/wp-json\/wp\/v2\/comments?post=38047"}],"version-history":[{"count":0,"href":"https:\/\/www.messinaoggi.it\/website\/wp-json\/wp\/v2\/posts\/38047\/revisions"}],"wp:featuredmedia":[{"embeddable":true,"href":"https:\/\/www.messinaoggi.it\/website\/wp-json\/wp\/v2\/media\/38048"}],"wp:attachment":[{"href":"https:\/\/www.messinaoggi.it\/website\/wp-json\/wp\/v2\/media?parent=38047"}],"wp:term":[{"taxonomy":"category","embeddable":true,"href":"https:\/\/www.messinaoggi.it\/website\/wp-json\/wp\/v2\/categories?post=38047"},{"taxonomy":"post_tag","embeddable":true,"href":"https:\/\/www.messinaoggi.it\/website\/wp-json\/wp\/v2\/tags?post=38047"}],"curies":[{"name":"wp","href":"https:\/\/api.w.org\/{rel}","templated":true}]}}