{"id":38020,"date":"2019-10-29T10:10:35","date_gmt":"2019-10-29T09:10:35","guid":{"rendered":"https:\/\/www.messinaoggi.it\/website\/?p=38020"},"modified":"2019-10-29T10:10:35","modified_gmt":"2019-10-29T09:10:35","slug":"viale-principe-umberto-auto-in-marcia-prende-improvvisamente-fuoco","status":"publish","type":"post","link":"https:\/\/www.messinaoggi.it\/website\/2019\/10\/29\/viale-principe-umberto-auto-in-marcia-prende-improvvisamente-fuoco\/","title":{"rendered":"Viale Principe Umberto, auto in marcia prende improvvisamente fuoco"},"content":{"rendered":"<p style=\"text-align: justify\">Questa notte lungo il viale Principe Umberto un&#8217;Alfa Romeo Mito ha preso improvvisamente fuoco mentre era in marcia, sprigionando nel giro di pochissimo tempo delle intensissime lingue di fuoco. Una volta resosi conto di quanto stava accadendo, il conducente ha accostato immediatamente l&#8217;auto in prossimit\u00e0 dell&#8217;incrocio col viale Boccetta e ha allertato i vigili del fuoco una volta raggiunta un&#8217;adeguata distanza di sicurezza dal mezzo in fiamme. Nel frattempo l&#8217;incendio si \u00e8 fatto per\u00f2 via via sempre pi\u00f9 intenso, al punto tale da danneggiare due auto parcheggiate in prossimit\u00e0 dello stesso, vale a dire una Fiat Tipo e una Lancia Y.<div id=\"div-gpt-ad-Messinaoggi.it-DSK-300x250-corpoart\" style=\"text-align:center;margin:0 auto;\"><\/div><\/p>\n<p style=\"text-align: justify\">Una volta giunti sul posto, i vigili del fuoco hanno proceduto col domare l&#8217;incendio, che adesso risulta essere completamente estinto.<a href=\"https:\/\/www.messinaoggi.it\/website\/wp-content\/uploads\/2019\/10\/vigili-del-fuoco-estinguono-incendio-auto-2.jpg\"><img loading=\"lazy\" class=\"size-full wp-image-38022 alignright\" src=\"https:\/\/www.messinaoggi.it\/website\/wp-content\/uploads\/2019\/10\/vigili-del-fuoco-estinguono-incendio-auto-2.jpg\" alt=\"\" width=\"1599\" height=\"1200\" \/><\/a><div id=\"videoincontent\" style=\"clear:both\";><\/div><\/p>\n<p style=\"text-align: justify\">Presenti anche gli agenti di polizia per condurre gli accertamenti del caso. Non si sono registrati feriti n\u00e9 intossicati.<\/p>\n<p> <\/p>\n","protected":false},"excerpt":{"rendered":"<p>Questa notte lungo il viale Principe Umberto un&#8217;Alfa Romeo Mito ha preso improvvisamente fuoco mentre era in marcia, sprigionando nel giro di pochissimo tempo delle intensissime lingue di fuoco. Una volta resosi conto di quanto stava accadendo, il conducente ha accostato immediatamente l&#8217;auto in prossimit\u00e0 dell&#8217;incrocio col viale Boccetta e ha allertato i vigili del [&hellip;]<\/p>\n","protected":false},"author":8,"featured_media":38021,"comment_status":"closed","ping_status":"open","sticky":false,"template":"","format":"standard","meta":{"ub_ctt_via":"","_mi_skip_tracking":false},"categories":[6],"tags":[],"featured_image_src":"https:\/\/www.messinaoggi.it\/website\/wp-content\/uploads\/2019\/10\/vigili-del-fuoco-estinguono-incendio-auto-1.jpg","author_info":{"display_name":"red..me","author_link":"https:\/\/www.messinaoggi.it\/website\/author\/redstage\/"},"digistream_id":0,"digistream":false,"_links":{"self":[{"href":"https:\/\/www.messinaoggi.it\/website\/wp-json\/wp\/v2\/posts\/38020"}],"collection":[{"href":"https:\/\/www.messinaoggi.it\/website\/wp-json\/wp\/v2\/posts"}],"about":[{"href":"https:\/\/www.messinaoggi.it\/website\/wp-json\/wp\/v2\/types\/post"}],"author":[{"embeddable":true,"href":"https:\/\/www.messinaoggi.it\/website\/wp-json\/wp\/v2\/users\/8"}],"replies":[{"embeddable":true,"href":"https:\/\/www.messinaoggi.it\/website\/wp-json\/wp\/v2\/comments?post=38020"}],"version-history":[{"count":0,"href":"https:\/\/www.messinaoggi.it\/website\/wp-json\/wp\/v2\/posts\/38020\/revisions"}],"wp:featuredmedia":[{"embeddable":true,"href":"https:\/\/www.messinaoggi.it\/website\/wp-json\/wp\/v2\/media\/38021"}],"wp:attachment":[{"href":"https:\/\/www.messinaoggi.it\/website\/wp-json\/wp\/v2\/media?parent=38020"}],"wp:term":[{"taxonomy":"category","embeddable":true,"href":"https:\/\/www.messinaoggi.it\/website\/wp-json\/wp\/v2\/categories?post=38020"},{"taxonomy":"post_tag","embeddable":true,"href":"https:\/\/www.messinaoggi.it\/website\/wp-json\/wp\/v2\/tags?post=38020"}],"curies":[{"name":"wp","href":"https:\/\/api.w.org\/{rel}","templated":true}]}}