{"id":37951,"date":"2019-10-26T11:01:38","date_gmt":"2019-10-26T09:01:38","guid":{"rendered":"https:\/\/www.messinaoggi.it\/website\/?p=37951"},"modified":"2019-10-26T11:01:38","modified_gmt":"2019-10-26T09:01:38","slug":"fondi-extra-bilancio-de-luca-chi-nel-2019-non-li-ha-spesi-me-li-dovra-restituire","status":"publish","type":"post","link":"https:\/\/www.messinaoggi.it\/website\/2019\/10\/26\/fondi-extra-bilancio-de-luca-chi-nel-2019-non-li-ha-spesi-me-li-dovra-restituire\/","title":{"rendered":"Fondi extra bilancio, De Luca: &quot;Chi nel 2019 non li ha spesi me li dovr\u00e0 restituire&quot;"},"content":{"rendered":"<p>&#8220;<em>Un confronto serrato con i dirigenti comunali durato quasi quattro ore. Si sono verificate le somme non spese per il 2019 e quelle da spendere per il bilancio 2020 &#8211; 2022<\/em>&#8220;. A riferirlo \u00e8 il sindaco Cateno De Luca a margine della conferenza dei servizi per la variazione del bilancio che si \u00e8 tenuta ieri sera a Palazzo Zanca. L\u2019incontro \u00e8 stata un\u2019occasione per realizzare una disamina della documentazione relativa al bilancio 2020-2022, sui fondi extra bilancio e sulla riprogrammazione dei mutui resi.<br \/>\n&#8220;<em>Chi non ha speso i soldi nel 2019 luned\u00ec prossimo me li dovr\u00e0 restituire perch\u00e9 decido io e gli assessori come destinarli. <\/em>\u2013 aggiunge De Luca \u2013<em> Basta con i padroni del pastificio. Sono finiti i tempi dei soldi nascosti nei cassetti da parte dei dirigenti comunali, utilizzati senza alcun controllo politico della giunta e del consiglio comunale<\/em>&#8220;.<div id=\"div-gpt-ad-Messinaoggi.it-DSK-300x250-corpoart\" style=\"text-align:center;margin:0 auto;\"><\/div><\/p>\n<div id=\"videoincontent\" style=\"clear:both\";><\/div>","protected":false},"excerpt":{"rendered":"<p>&#8220;Un confronto serrato con i dirigenti comunali durato quasi quattro ore. Si sono verificate le somme non spese per il 2019 e quelle da spendere per il bilancio 2020 &#8211; 2022&#8220;. A riferirlo \u00e8 il sindaco Cateno De Luca a margine della conferenza dei servizi per la variazione del bilancio che si \u00e8 tenuta ieri [&hellip;]<\/p>\n","protected":false},"author":8,"featured_media":37952,"comment_status":"closed","ping_status":"open","sticky":false,"template":"","format":"standard","meta":{"ub_ctt_via":"","_mi_skip_tracking":false},"categories":[4],"tags":[],"featured_image_src":"https:\/\/www.messinaoggi.it\/website\/wp-content\/uploads\/2019\/10\/conferenza-dei-servizi-per-la-variazione-del-bilancio.jpg","author_info":{"display_name":"red..me","author_link":"https:\/\/www.messinaoggi.it\/website\/author\/redstage\/"},"digistream_id":0,"digistream":false,"_links":{"self":[{"href":"https:\/\/www.messinaoggi.it\/website\/wp-json\/wp\/v2\/posts\/37951"}],"collection":[{"href":"https:\/\/www.messinaoggi.it\/website\/wp-json\/wp\/v2\/posts"}],"about":[{"href":"https:\/\/www.messinaoggi.it\/website\/wp-json\/wp\/v2\/types\/post"}],"author":[{"embeddable":true,"href":"https:\/\/www.messinaoggi.it\/website\/wp-json\/wp\/v2\/users\/8"}],"replies":[{"embeddable":true,"href":"https:\/\/www.messinaoggi.it\/website\/wp-json\/wp\/v2\/comments?post=37951"}],"version-history":[{"count":0,"href":"https:\/\/www.messinaoggi.it\/website\/wp-json\/wp\/v2\/posts\/37951\/revisions"}],"wp:featuredmedia":[{"embeddable":true,"href":"https:\/\/www.messinaoggi.it\/website\/wp-json\/wp\/v2\/media\/37952"}],"wp:attachment":[{"href":"https:\/\/www.messinaoggi.it\/website\/wp-json\/wp\/v2\/media?parent=37951"}],"wp:term":[{"taxonomy":"category","embeddable":true,"href":"https:\/\/www.messinaoggi.it\/website\/wp-json\/wp\/v2\/categories?post=37951"},{"taxonomy":"post_tag","embeddable":true,"href":"https:\/\/www.messinaoggi.it\/website\/wp-json\/wp\/v2\/tags?post=37951"}],"curies":[{"name":"wp","href":"https:\/\/api.w.org\/{rel}","templated":true}]}}