{"id":37943,"date":"2019-10-26T08:08:51","date_gmt":"2019-10-26T06:08:51","guid":{"rendered":"https:\/\/www.messinaoggi.it\/website\/?p=37943"},"modified":"2019-10-26T08:08:51","modified_gmt":"2019-10-26T06:08:51","slug":"lavvocato-enrico-mollica-nuovo-legale-di-messina-incentro","status":"publish","type":"post","link":"https:\/\/www.messinaoggi.it\/website\/2019\/10\/26\/lavvocato-enrico-mollica-nuovo-legale-di-messina-incentro\/","title":{"rendered":"L&#039;avvocato Enrico Mollica nuovo legale di &quot;Messina Incentro&quot;"},"content":{"rendered":"<p>L&#8217;avvocato messinese Enrico Mollica \u00e8 il nuovo legale dell&#8217;Associazione dei commercianti &#8220;Messina Incentro&#8221;. L&#8217;incarico gli \u00e8 stato conferito dal presidente del sodalizio e andr\u00e0 ad affiancare l&#8217;avvocato Francesco Fiorillo che segue l&#8217;associazione dei commercianti dalla sua fondazione.<br \/>\nMollica si occuper\u00e0 segnatamente dei contenziosi con la pubblica amministrazione, in particolare di questioni legate alla Cosap e occupazione del suolo pubblico.<br \/>\n&#8220;Prosegue il consolidamento della nostra associazione &#8211; afferma Lino Santoro Amante, presidente di Messina Incentro &#8211; con la consulenza dell&#8217;avvocato Mollica, il quale si occuper\u00e0 di fornire assistenza ai nostri associati per i contenziosi con la pubblica amministrazione per la Cosap e l&#8217;occupazione del suolo pubblico. Intendo formulare gli auguri di buon lavoro all&#8217;avvocato Mollica per questo nuovo incarico&#8221;.<div id=\"div-gpt-ad-Messinaoggi.it-DSK-300x250-corpoart\" style=\"text-align:center;margin:0 auto;\"><\/div><\/p>\n<div id=\"videoincontent\" style=\"clear:both\";><\/div>","protected":false},"excerpt":{"rendered":"<p>L&#8217;avvocato messinese Enrico Mollica \u00e8 il nuovo legale dell&#8217;Associazione dei commercianti &#8220;Messina Incentro&#8221;. L&#8217;incarico gli \u00e8 stato conferito dal presidente del sodalizio e andr\u00e0 ad affiancare l&#8217;avvocato Francesco Fiorillo che segue l&#8217;associazione dei commercianti dalla sua fondazione. Mollica si occuper\u00e0 segnatamente dei contenziosi con la pubblica amministrazione, in particolare di questioni legate alla Cosap e [&hellip;]<\/p>\n","protected":false},"author":2,"featured_media":37944,"comment_status":"closed","ping_status":"open","sticky":false,"template":"","format":"standard","meta":{"ub_ctt_via":"","_mi_skip_tracking":false},"categories":[5],"tags":[],"featured_image_src":"https:\/\/www.messinaoggi.it\/website\/wp-content\/uploads\/2019\/10\/FAA4F372-502A-4977-ADDF-53238D4C4A26.jpeg","author_info":{"display_name":"Redazione","author_link":"https:\/\/www.messinaoggi.it\/website\/author\/redazione\/"},"digistream_id":0,"digistream":false,"_links":{"self":[{"href":"https:\/\/www.messinaoggi.it\/website\/wp-json\/wp\/v2\/posts\/37943"}],"collection":[{"href":"https:\/\/www.messinaoggi.it\/website\/wp-json\/wp\/v2\/posts"}],"about":[{"href":"https:\/\/www.messinaoggi.it\/website\/wp-json\/wp\/v2\/types\/post"}],"author":[{"embeddable":true,"href":"https:\/\/www.messinaoggi.it\/website\/wp-json\/wp\/v2\/users\/2"}],"replies":[{"embeddable":true,"href":"https:\/\/www.messinaoggi.it\/website\/wp-json\/wp\/v2\/comments?post=37943"}],"version-history":[{"count":0,"href":"https:\/\/www.messinaoggi.it\/website\/wp-json\/wp\/v2\/posts\/37943\/revisions"}],"wp:featuredmedia":[{"embeddable":true,"href":"https:\/\/www.messinaoggi.it\/website\/wp-json\/wp\/v2\/media\/37944"}],"wp:attachment":[{"href":"https:\/\/www.messinaoggi.it\/website\/wp-json\/wp\/v2\/media?parent=37943"}],"wp:term":[{"taxonomy":"category","embeddable":true,"href":"https:\/\/www.messinaoggi.it\/website\/wp-json\/wp\/v2\/categories?post=37943"},{"taxonomy":"post_tag","embeddable":true,"href":"https:\/\/www.messinaoggi.it\/website\/wp-json\/wp\/v2\/tags?post=37943"}],"curies":[{"name":"wp","href":"https:\/\/api.w.org\/{rel}","templated":true}]}}