{"id":37935,"date":"2019-10-25T14:57:33","date_gmt":"2019-10-25T12:57:33","guid":{"rendered":"https:\/\/www.messinaoggi.it\/website\/?p=37935"},"modified":"2019-10-25T14:57:33","modified_gmt":"2019-10-25T12:57:33","slug":"ciclismo-messina-presa-in-giro-niente-passaggio-in-citta","status":"publish","type":"post","link":"https:\/\/www.messinaoggi.it\/website\/2019\/10\/25\/ciclismo-messina-presa-in-giro-niente-passaggio-in-citta\/","title":{"rendered":"Ciclismo, Messina presa in&#8230;Giro. Niente passaggio in citt\u00e0"},"content":{"rendered":"<p>Colpo di scena, il Giro d\u2019Italia non passer\u00e0 da Messina. Le prime indiscrezioni\u00a0 sul percorso della 103ma edizione della corsa rosa avevano assegnato alla citt\u00e0 peloritana un passaggio nella tappa che da Catania arriva a Villafranca, fermo poi cambiare improvvisamente idea e itinerario.<br \/>\nGiovedi 14 maggio, la corsa partir\u00e0 da Catania e arriver\u00e0 nel primo comune a nord di Messina, in poche parole la corsa bypasser\u00e0 la citt\u00e0 dello Stretto. All\u2019altezza di Giardini, la corsa abbandoner\u00e0 il versante jonico, salir\u00e0 verso Portella Mandrazzi e ridiscender\u00e0 verso il Tirreno all\u2019altezza di Novara di Sicilia e Terme Vigliatore, per arrivare a Villafranca dopo 138 km.<br \/>\n\u201cTappa breve caratterizzata dalla sola salita pedalabile centrale di Portella Mandrazzi che permette di passare dal versante jonico a quello tirrenico lungo il quale si snodano gli ultimi 40 chilometri per una volata quasi certa\u201d, si legge sul sito ufficiale del Giro d&#8217;Italia. Per Messina rimane solo l&#8217;amarezza, ma gli appassionati di certo affolleranno comunque le strade della provincia.<div id=\"div-gpt-ad-Messinaoggi.it-DSK-300x250-corpoart\" style=\"text-align:center;margin:0 auto;\"><\/div><\/p>\n<div id=\"videoincontent\" style=\"clear:both\";><\/div>","protected":false},"excerpt":{"rendered":"<p>Colpo di scena, il Giro d\u2019Italia non passer\u00e0 da Messina. Le prime indiscrezioni\u00a0 sul percorso della 103ma edizione della corsa rosa avevano assegnato alla citt\u00e0 peloritana un passaggio nella tappa che da Catania arriva a Villafranca, fermo poi cambiare improvvisamente idea e itinerario. Giovedi 14 maggio, la corsa partir\u00e0 da Catania e arriver\u00e0 nel primo [&hellip;]<\/p>\n","protected":false},"author":4,"featured_media":31144,"comment_status":"closed","ping_status":"open","sticky":false,"template":"","format":"standard","meta":{"ub_ctt_via":"","_mi_skip_tracking":false},"categories":[6],"tags":[],"featured_image_src":"https:\/\/www.messinaoggi.it\/website\/wp-content\/uploads\/2019\/04\/IMG-20190403-WA0016.jpg","author_info":{"display_name":"redme","author_link":"https:\/\/www.messinaoggi.it\/website\/author\/redme\/"},"digistream_id":0,"digistream":false,"_links":{"self":[{"href":"https:\/\/www.messinaoggi.it\/website\/wp-json\/wp\/v2\/posts\/37935"}],"collection":[{"href":"https:\/\/www.messinaoggi.it\/website\/wp-json\/wp\/v2\/posts"}],"about":[{"href":"https:\/\/www.messinaoggi.it\/website\/wp-json\/wp\/v2\/types\/post"}],"author":[{"embeddable":true,"href":"https:\/\/www.messinaoggi.it\/website\/wp-json\/wp\/v2\/users\/4"}],"replies":[{"embeddable":true,"href":"https:\/\/www.messinaoggi.it\/website\/wp-json\/wp\/v2\/comments?post=37935"}],"version-history":[{"count":0,"href":"https:\/\/www.messinaoggi.it\/website\/wp-json\/wp\/v2\/posts\/37935\/revisions"}],"wp:featuredmedia":[{"embeddable":true,"href":"https:\/\/www.messinaoggi.it\/website\/wp-json\/wp\/v2\/media\/31144"}],"wp:attachment":[{"href":"https:\/\/www.messinaoggi.it\/website\/wp-json\/wp\/v2\/media?parent=37935"}],"wp:term":[{"taxonomy":"category","embeddable":true,"href":"https:\/\/www.messinaoggi.it\/website\/wp-json\/wp\/v2\/categories?post=37935"},{"taxonomy":"post_tag","embeddable":true,"href":"https:\/\/www.messinaoggi.it\/website\/wp-json\/wp\/v2\/tags?post=37935"}],"curies":[{"name":"wp","href":"https:\/\/api.w.org\/{rel}","templated":true}]}}