{"id":37918,"date":"2019-10-25T10:04:02","date_gmt":"2019-10-25T08:04:02","guid":{"rendered":"https:\/\/www.messinaoggi.it\/website\/?p=37918"},"modified":"2019-10-25T10:04:02","modified_gmt":"2019-10-25T08:04:02","slug":"a20-sradicata-segnaletica-dalle-raffiche-di-vento","status":"publish","type":"post","link":"https:\/\/www.messinaoggi.it\/website\/2019\/10\/25\/a20-sradicata-segnaletica-dalle-raffiche-di-vento\/","title":{"rendered":"A20, sradicata segnaletica dalle raffiche di vento"},"content":{"rendered":"<p>Iniziano a registrarsi i primi danni causati dall\u2019ondata di maltempo che si sta imbattendo a Messina. Siamo lungo l\u2019A20, all\u2019altezza dello svincolo di Rometta, dove durante la nottata appena trascorsa una segnaletica autostradale \u00e8 stata completamente sradicata a causa delle forti raffiche di vento.<br \/>\n<a href=\"https:\/\/www.messinaoggi.it\/website\/wp-content\/uploads\/2019\/10\/cade-segnaletica-svincolo-rometta-per-maltempo-1.jpg\"><img loading=\"lazy\" class=\"alignnone size-full wp-image-37919\" src=\"https:\/\/www.messinaoggi.it\/website\/wp-content\/uploads\/2019\/10\/cade-segnaletica-svincolo-rometta-per-maltempo-1.jpg\" alt=\"\" width=\"1599\" height=\"1200\" \/><\/a><br \/>\nSul posto sono intervenuti i vigili del fuoco, che hanno proceduto con la rimozione della segnaletica, che adesso dovr\u00e0 essere ripristinata. Fortunatamente non si sono registrati feriti, in quanto la segnaletica \u00e8 finita lungo i margini della carreggiata, al di l\u00e0 del guardrail.<div id=\"div-gpt-ad-Messinaoggi.it-DSK-300x250-corpoart\" style=\"text-align:center;margin:0 auto;\"><\/div><\/p>\n<div id=\"videoincontent\" style=\"clear:both\";><\/div>","protected":false},"excerpt":{"rendered":"<p>Iniziano a registrarsi i primi danni causati dall\u2019ondata di maltempo che si sta imbattendo a Messina. Siamo lungo l\u2019A20, all\u2019altezza dello svincolo di Rometta, dove durante la nottata appena trascorsa una segnaletica autostradale \u00e8 stata completamente sradicata a causa delle forti raffiche di vento. Sul posto sono intervenuti i vigili del fuoco, che hanno proceduto [&hellip;]<\/p>\n","protected":false},"author":8,"featured_media":37920,"comment_status":"closed","ping_status":"open","sticky":false,"template":"","format":"standard","meta":{"ub_ctt_via":"","_mi_skip_tracking":false},"categories":[6],"tags":[],"featured_image_src":"https:\/\/www.messinaoggi.it\/website\/wp-content\/uploads\/2019\/10\/cade-segnaletica-svincolo-rometta-per-maltempo-2.jpg","author_info":{"display_name":"red..me","author_link":"https:\/\/www.messinaoggi.it\/website\/author\/redstage\/"},"digistream_id":0,"digistream":false,"_links":{"self":[{"href":"https:\/\/www.messinaoggi.it\/website\/wp-json\/wp\/v2\/posts\/37918"}],"collection":[{"href":"https:\/\/www.messinaoggi.it\/website\/wp-json\/wp\/v2\/posts"}],"about":[{"href":"https:\/\/www.messinaoggi.it\/website\/wp-json\/wp\/v2\/types\/post"}],"author":[{"embeddable":true,"href":"https:\/\/www.messinaoggi.it\/website\/wp-json\/wp\/v2\/users\/8"}],"replies":[{"embeddable":true,"href":"https:\/\/www.messinaoggi.it\/website\/wp-json\/wp\/v2\/comments?post=37918"}],"version-history":[{"count":0,"href":"https:\/\/www.messinaoggi.it\/website\/wp-json\/wp\/v2\/posts\/37918\/revisions"}],"wp:featuredmedia":[{"embeddable":true,"href":"https:\/\/www.messinaoggi.it\/website\/wp-json\/wp\/v2\/media\/37920"}],"wp:attachment":[{"href":"https:\/\/www.messinaoggi.it\/website\/wp-json\/wp\/v2\/media?parent=37918"}],"wp:term":[{"taxonomy":"category","embeddable":true,"href":"https:\/\/www.messinaoggi.it\/website\/wp-json\/wp\/v2\/categories?post=37918"},{"taxonomy":"post_tag","embeddable":true,"href":"https:\/\/www.messinaoggi.it\/website\/wp-json\/wp\/v2\/tags?post=37918"}],"curies":[{"name":"wp","href":"https:\/\/api.w.org\/{rel}","templated":true}]}}