{"id":37898,"date":"2019-10-24T16:21:43","date_gmt":"2019-10-24T14:21:43","guid":{"rendered":"https:\/\/www.messinaoggi.it\/website\/?p=37898"},"modified":"2019-10-24T16:21:43","modified_gmt":"2019-10-24T14:21:43","slug":"incendio-al-crematorio-vigili-del-fuoco-in-azione","status":"publish","type":"post","link":"https:\/\/www.messinaoggi.it\/website\/2019\/10\/24\/incendio-al-crematorio-vigili-del-fuoco-in-azione\/","title":{"rendered":"Incendio al crematorio: vigili del fuoco in azione"},"content":{"rendered":"<p>\u00c8 scoppiato in questi minuti un incendio presso il crematorio del cimitero monumentale di Messina. Il rogo \u00e8 scoppiato presso la canna fumaria del forno, durante il processo di cremazione di una salma. Ancora da chiarire quali siano state le cause che hanno fatto scattare la scintilla, ma quel che \u00e8 certo \u00e8 che presso la canna fumaria si \u00e8 improvvisamente sprigionata un\u2019intensa nube di fumo.<br \/>\nSul posto i vigili del fuoco, che sono prontamente intervenuti per domare le lingue di fuoco.<div id=\"div-gpt-ad-Messinaoggi.it-DSK-300x250-corpoart\" style=\"text-align:center;margin:0 auto;\"><\/div><\/p>\n<div id=\"videoincontent\" style=\"clear:both\";><\/div>","protected":false},"excerpt":{"rendered":"<p>\u00c8 scoppiato in questi minuti un incendio presso il crematorio del cimitero monumentale di Messina. Il rogo \u00e8 scoppiato presso la canna fumaria del forno, durante il processo di cremazione di una salma. Ancora da chiarire quali siano state le cause che hanno fatto scattare la scintilla, ma quel che \u00e8 certo \u00e8 che presso [&hellip;]<\/p>\n","protected":false},"author":8,"featured_media":37899,"comment_status":"closed","ping_status":"open","sticky":false,"template":"","format":"standard","meta":{"ub_ctt_via":"","_mi_skip_tracking":false},"categories":[6],"tags":[],"featured_image_src":"https:\/\/www.messinaoggi.it\/website\/wp-content\/uploads\/2019\/10\/incendio-forno-crematorio.jpg","author_info":{"display_name":"red..me","author_link":"https:\/\/www.messinaoggi.it\/website\/author\/redstage\/"},"digistream_id":0,"digistream":false,"_links":{"self":[{"href":"https:\/\/www.messinaoggi.it\/website\/wp-json\/wp\/v2\/posts\/37898"}],"collection":[{"href":"https:\/\/www.messinaoggi.it\/website\/wp-json\/wp\/v2\/posts"}],"about":[{"href":"https:\/\/www.messinaoggi.it\/website\/wp-json\/wp\/v2\/types\/post"}],"author":[{"embeddable":true,"href":"https:\/\/www.messinaoggi.it\/website\/wp-json\/wp\/v2\/users\/8"}],"replies":[{"embeddable":true,"href":"https:\/\/www.messinaoggi.it\/website\/wp-json\/wp\/v2\/comments?post=37898"}],"version-history":[{"count":0,"href":"https:\/\/www.messinaoggi.it\/website\/wp-json\/wp\/v2\/posts\/37898\/revisions"}],"wp:featuredmedia":[{"embeddable":true,"href":"https:\/\/www.messinaoggi.it\/website\/wp-json\/wp\/v2\/media\/37899"}],"wp:attachment":[{"href":"https:\/\/www.messinaoggi.it\/website\/wp-json\/wp\/v2\/media?parent=37898"}],"wp:term":[{"taxonomy":"category","embeddable":true,"href":"https:\/\/www.messinaoggi.it\/website\/wp-json\/wp\/v2\/categories?post=37898"},{"taxonomy":"post_tag","embeddable":true,"href":"https:\/\/www.messinaoggi.it\/website\/wp-json\/wp\/v2\/tags?post=37898"}],"curies":[{"name":"wp","href":"https:\/\/api.w.org\/{rel}","templated":true}]}}