{"id":37897,"date":"2019-10-24T16:08:51","date_gmt":"2019-10-24T14:08:51","guid":{"rendered":"https:\/\/www.messinaoggi.it\/website\/?p=37897"},"modified":"2019-10-24T16:08:51","modified_gmt":"2019-10-24T14:08:51","slug":"maltempo-allerta-rossa-scuole-chiuse-a-messina-e-in-provincia","status":"publish","type":"post","link":"https:\/\/www.messinaoggi.it\/website\/2019\/10\/24\/maltempo-allerta-rossa-scuole-chiuse-a-messina-e-in-provincia\/","title":{"rendered":"Maltempo, allerta rossa: scuole chiuse a Messina e in provincia"},"content":{"rendered":"<p>Per la giornata di domani \u00e8 stata diranata lo stato di allerta rossa dalla Protezione civile. Per questo motivo scuole chiuse a Messina e in provincia.<br \/>\nSi sposta rapidamente verso il centro-sud l&#8217;ondata di maltempo che gi\u00e0 da stasera far\u00e0 sentire i suoi effetti sulla Sicilia. La temuta &#8220;Squall-Line temporalesca&#8221; sta rapidamente avanzando sul mar Tirreno, da ovest verso est, e nelle prossime ore si avviciner\u00e0 sempre pi\u00f9 minacciosa alle regioni meridionali I fenomeni pi\u00f9 violenti rimarranno confinati in mare aperto, ma avremo forti piogge sui litorali della Toscana meridionale, lungo le coste del Lazio e soprattutto sulla Sicilia.<br \/>\nI fenomeni pi\u00f9 estremi colpiranno le province di Ragusa, Siracusa, Catania, Messina e Reggio Calabria, dove avremo piogge torrenziali su entrambi i versanti (jonico e tirrenico), con picchi di 150\u2013180 mm di pioggia tra l\u2019Etna, i Nebrodi, i Peloritani e l\u2019Aspromonte.<br \/>\nE\u2019 alto il rischio di pesanti fenomeni di dissesto idrogeologico con alluvioni-lampo: massima attenzione a frane e smottamenti. Il gran caldo che persiste in queste ore (in Calabria e Sicilia le temperature sono un po\u2019 ovunque superiori ai +25\u00b0C) render\u00e0 ancor pi\u00f9 seria la situazione all\u2019arrivo del fronte temporalesco, con forti contrasti termici e una grande energia ad alimentare le celle temporalesche da cui scaturiranno forti grandinate e tempeste di fulmini.<div id=\"div-gpt-ad-Messinaoggi.it-DSK-300x250-corpoart\" style=\"text-align:center;margin:0 auto;\"><\/div><\/p>\n<div id=\"videoincontent\" style=\"clear:both\";><\/div>","protected":false},"excerpt":{"rendered":"<p>Per la giornata di domani \u00e8 stata diranata lo stato di allerta rossa dalla Protezione civile. Per questo motivo scuole chiuse a Messina e in provincia. Si sposta rapidamente verso il centro-sud l&#8217;ondata di maltempo che gi\u00e0 da stasera far\u00e0 sentire i suoi effetti sulla Sicilia. La temuta &#8220;Squall-Line temporalesca&#8221; sta rapidamente avanzando sul mar [&hellip;]<\/p>\n","protected":false},"author":4,"featured_media":37904,"comment_status":"closed","ping_status":"open","sticky":false,"template":"","format":"standard","meta":{"ub_ctt_via":"","_mi_skip_tracking":false},"categories":[19,6],"tags":[],"featured_image_src":"https:\/\/www.messinaoggi.it\/website\/wp-content\/uploads\/2019\/10\/IMG-20191024-WA0018-1.jpg","author_info":{"display_name":"redme","author_link":"https:\/\/www.messinaoggi.it\/website\/author\/redme\/"},"digistream_id":0,"digistream":false,"_links":{"self":[{"href":"https:\/\/www.messinaoggi.it\/website\/wp-json\/wp\/v2\/posts\/37897"}],"collection":[{"href":"https:\/\/www.messinaoggi.it\/website\/wp-json\/wp\/v2\/posts"}],"about":[{"href":"https:\/\/www.messinaoggi.it\/website\/wp-json\/wp\/v2\/types\/post"}],"author":[{"embeddable":true,"href":"https:\/\/www.messinaoggi.it\/website\/wp-json\/wp\/v2\/users\/4"}],"replies":[{"embeddable":true,"href":"https:\/\/www.messinaoggi.it\/website\/wp-json\/wp\/v2\/comments?post=37897"}],"version-history":[{"count":0,"href":"https:\/\/www.messinaoggi.it\/website\/wp-json\/wp\/v2\/posts\/37897\/revisions"}],"wp:featuredmedia":[{"embeddable":true,"href":"https:\/\/www.messinaoggi.it\/website\/wp-json\/wp\/v2\/media\/37904"}],"wp:attachment":[{"href":"https:\/\/www.messinaoggi.it\/website\/wp-json\/wp\/v2\/media?parent=37897"}],"wp:term":[{"taxonomy":"category","embeddable":true,"href":"https:\/\/www.messinaoggi.it\/website\/wp-json\/wp\/v2\/categories?post=37897"},{"taxonomy":"post_tag","embeddable":true,"href":"https:\/\/www.messinaoggi.it\/website\/wp-json\/wp\/v2\/tags?post=37897"}],"curies":[{"name":"wp","href":"https:\/\/api.w.org\/{rel}","templated":true}]}}