{"id":37891,"date":"2019-10-24T11:09:25","date_gmt":"2019-10-24T09:09:25","guid":{"rendered":"https:\/\/www.messinaoggi.it\/website\/?p=37891"},"modified":"2019-10-24T11:09:25","modified_gmt":"2019-10-24T09:09:25","slug":"mobilita-elettrica-in-arrivo-nuove-colonnine-in-12-comuni-fra-catania-e-messina","status":"publish","type":"post","link":"https:\/\/www.messinaoggi.it\/website\/2019\/10\/24\/mobilita-elettrica-in-arrivo-nuove-colonnine-in-12-comuni-fra-catania-e-messina\/","title":{"rendered":"Mobilit\u00e0 elettrica, in arrivo nuove colonnine in 12 Comuni fra Catania e Messina"},"content":{"rendered":"<p class=\"p1\" style=\"text-align: justify;\"><span class=\"s1\">La Regione Siciliana in campo per la mobilit\u00e0 sostenibile. Sono ben 17 le colonnine per la ricariche di veicoli elettrici che grazie all&#8217;investimento da 250mila euro del Governo Musumeci verranno installate a breve<b> in 12 Comuni nelle province e aree metropolitane di Catania e Messina.\u00a0<\/b><\/span> <span class=\"s1\">\u00abSi tratta dell&#8217;avvio &#8211; sottolinea l&#8217;assessore regionale alla Mobilit\u00e0 Marco Falcone &#8211; di un pi\u00f9 ampio Piano regionale, gi\u00e0 in fase avanzata, che prevede la capillare installazione di colonnine in tutte le province siciliane\u00bb.\u00a0<\/span><div id=\"div-gpt-ad-Messinaoggi.it-DSK-300x250-corpoart\" style=\"text-align:center;margin:0 auto;\"><\/div><\/p>\n<p class=\"p1\" style=\"text-align: justify;\"><span class=\"s1\">L&#8217;assessorato regionale a Infrastrutture e Mobilit\u00e0 e l&#8217;azienda che si \u00e8 aggiudicata la fornitura, pochi giorni fa, hanno firmato il relativo contratto e dato il via ai lavori. <b>Quattro colonnine<\/b> incrementeranno il numero di postazioni di ecoricarica a <b>Catania<\/b>, <b>tre a Messina<\/b>. Il resto degli apparecchi, secondo il piano curato dal dirigente Mobilit\u00e0 urbana <b>Giacomo Rotondo<\/b> e dal componente del Gabinetto Infrastrutture <b>Marco Corsaro<\/b>, verr\u00e0 collocato nei centri di <b>Acireale, Misterbianco, Giarre, Belpasso, Aci Castello, Taormina, Milazzo, Sant&#8217;Agata di Militello, Giardini Naxos e Santa Teresa di Riva.<\/b> <\/span><div id=\"videoincontent\" style=\"clear:both\";><\/div><\/p>\n<p class=\"p1\" style=\"text-align: justify;\"><span class=\"s1\">\u00abDiamo piena e concreta attuazione \u2013 aggiunge l&#8217;assessore\u00a0<b>Marco Falcone<\/b> \u2013 al Piano regionale per la mobilit\u00e0 elettrica in Sicilia che prevede precisi scenari di sviluppo del settore. Il Governo Musumeci sta cos\u00ec lavorando alla creazione di una<b> rete di colonnine integrata, funzionale e ben distribuita sul territorio<\/b>, uno scenario che non potr\u00e0 che agevolare scelte sempre pi\u00f9 green da parte degli automobilisti dell&#8217;Isola\u00bb.<\/span><\/p>\n","protected":false},"excerpt":{"rendered":"<p>La Regione Siciliana in campo per la mobilit\u00e0 sostenibile. Sono ben 17 le colonnine per la ricariche di veicoli elettrici che grazie all&#8217;investimento da 250mila euro del Governo Musumeci verranno installate a breve in 12 Comuni nelle province e aree metropolitane di Catania e Messina.\u00a0 \u00abSi tratta dell&#8217;avvio &#8211; sottolinea l&#8217;assessore regionale alla Mobilit\u00e0 Marco [&hellip;]<\/p>\n","protected":false},"author":2,"featured_media":37892,"comment_status":"closed","ping_status":"open","sticky":false,"template":"","format":"standard","meta":{"ub_ctt_via":"","_mi_skip_tracking":false},"categories":[11],"tags":[],"featured_image_src":"https:\/\/www.messinaoggi.it\/website\/wp-content\/uploads\/2019\/10\/Lassessore-Falcone-il-dirigente-Rotondo-e-il-dott.-Corsaro.jpeg","author_info":{"display_name":"Redazione","author_link":"https:\/\/www.messinaoggi.it\/website\/author\/redazione\/"},"digistream_id":0,"digistream":false,"_links":{"self":[{"href":"https:\/\/www.messinaoggi.it\/website\/wp-json\/wp\/v2\/posts\/37891"}],"collection":[{"href":"https:\/\/www.messinaoggi.it\/website\/wp-json\/wp\/v2\/posts"}],"about":[{"href":"https:\/\/www.messinaoggi.it\/website\/wp-json\/wp\/v2\/types\/post"}],"author":[{"embeddable":true,"href":"https:\/\/www.messinaoggi.it\/website\/wp-json\/wp\/v2\/users\/2"}],"replies":[{"embeddable":true,"href":"https:\/\/www.messinaoggi.it\/website\/wp-json\/wp\/v2\/comments?post=37891"}],"version-history":[{"count":0,"href":"https:\/\/www.messinaoggi.it\/website\/wp-json\/wp\/v2\/posts\/37891\/revisions"}],"wp:featuredmedia":[{"embeddable":true,"href":"https:\/\/www.messinaoggi.it\/website\/wp-json\/wp\/v2\/media\/37892"}],"wp:attachment":[{"href":"https:\/\/www.messinaoggi.it\/website\/wp-json\/wp\/v2\/media?parent=37891"}],"wp:term":[{"taxonomy":"category","embeddable":true,"href":"https:\/\/www.messinaoggi.it\/website\/wp-json\/wp\/v2\/categories?post=37891"},{"taxonomy":"post_tag","embeddable":true,"href":"https:\/\/www.messinaoggi.it\/website\/wp-json\/wp\/v2\/tags?post=37891"}],"curies":[{"name":"wp","href":"https:\/\/api.w.org\/{rel}","templated":true}]}}