{"id":37885,"date":"2019-10-24T16:05:54","date_gmt":"2019-10-24T14:05:54","guid":{"rendered":"https:\/\/www.messinaoggi.it\/website\/?p=37885"},"modified":"2019-10-24T16:05:54","modified_gmt":"2019-10-24T14:05:54","slug":"bisconte-sequestrate-capre-con-brucellosi-dovranno-essere-abbattute","status":"publish","type":"post","link":"https:\/\/www.messinaoggi.it\/website\/2019\/10\/24\/bisconte-sequestrate-capre-con-brucellosi-dovranno-essere-abbattute\/","title":{"rendered":"Bisconte, sequestrate capre con brucellosi: dovranno essere abbattute"},"content":{"rendered":"<p>Nuovo sequestro da parte della sezione Annona della Polizia Municipale. Questa volta si \u00e8 intervenuti nella zona di Bisconte, dove ieri \u00e8 stata sottoposta a sequestro una struttura abusiva contenente delle capre detenute illegalmente; il responsabile \u00e8 stato denunciato all\u2019autorit\u00e0 giudiziaria.<br \/>\n<a href=\"https:\/\/www.messinaoggi.it\/website\/wp-content\/uploads\/2019\/10\/struttura-abusiva-sottoposta-a-sequestro-1.jpg\"><img loading=\"lazy\" class=\"alignnone size-full wp-image-37886\" src=\"https:\/\/www.messinaoggi.it\/website\/wp-content\/uploads\/2019\/10\/struttura-abusiva-sottoposta-a-sequestro-1.jpg\" alt=\"\" width=\"1600\" height=\"1200\" \/><\/a><br \/>\nPer le capre vi \u00e8 un sospetto che siano affette da brucellosi e pertanto dovranno essere abbattute.<div id=\"div-gpt-ad-Messinaoggi.it-DSK-300x250-corpoart\" style=\"text-align:center;margin:0 auto;\"><\/div><\/p>\n<div id=\"videoincontent\" style=\"clear:both\";><\/div>","protected":false},"excerpt":{"rendered":"<p>Nuovo sequestro da parte della sezione Annona della Polizia Municipale. Questa volta si \u00e8 intervenuti nella zona di Bisconte, dove ieri \u00e8 stata sottoposta a sequestro una struttura abusiva contenente delle capre detenute illegalmente; il responsabile \u00e8 stato denunciato all\u2019autorit\u00e0 giudiziaria. Per le capre vi \u00e8 un sospetto che siano affette da brucellosi e pertanto [&hellip;]<\/p>\n","protected":false},"author":8,"featured_media":37887,"comment_status":"closed","ping_status":"open","sticky":false,"template":"","format":"standard","meta":{"ub_ctt_via":"","_mi_skip_tracking":false},"categories":[6],"tags":[],"featured_image_src":"https:\/\/www.messinaoggi.it\/website\/wp-content\/uploads\/2019\/10\/struttura-abusiva-sottoposta-a-sequestro-2.jpg","author_info":{"display_name":"red..me","author_link":"https:\/\/www.messinaoggi.it\/website\/author\/redstage\/"},"digistream_id":0,"digistream":false,"_links":{"self":[{"href":"https:\/\/www.messinaoggi.it\/website\/wp-json\/wp\/v2\/posts\/37885"}],"collection":[{"href":"https:\/\/www.messinaoggi.it\/website\/wp-json\/wp\/v2\/posts"}],"about":[{"href":"https:\/\/www.messinaoggi.it\/website\/wp-json\/wp\/v2\/types\/post"}],"author":[{"embeddable":true,"href":"https:\/\/www.messinaoggi.it\/website\/wp-json\/wp\/v2\/users\/8"}],"replies":[{"embeddable":true,"href":"https:\/\/www.messinaoggi.it\/website\/wp-json\/wp\/v2\/comments?post=37885"}],"version-history":[{"count":0,"href":"https:\/\/www.messinaoggi.it\/website\/wp-json\/wp\/v2\/posts\/37885\/revisions"}],"wp:featuredmedia":[{"embeddable":true,"href":"https:\/\/www.messinaoggi.it\/website\/wp-json\/wp\/v2\/media\/37887"}],"wp:attachment":[{"href":"https:\/\/www.messinaoggi.it\/website\/wp-json\/wp\/v2\/media?parent=37885"}],"wp:term":[{"taxonomy":"category","embeddable":true,"href":"https:\/\/www.messinaoggi.it\/website\/wp-json\/wp\/v2\/categories?post=37885"},{"taxonomy":"post_tag","embeddable":true,"href":"https:\/\/www.messinaoggi.it\/website\/wp-json\/wp\/v2\/tags?post=37885"}],"curies":[{"name":"wp","href":"https:\/\/api.w.org\/{rel}","templated":true}]}}