{"id":37874,"date":"2019-10-23T18:48:44","date_gmt":"2019-10-23T16:48:44","guid":{"rendered":"https:\/\/www.messinaoggi.it\/website\/?p=37874"},"modified":"2019-10-23T18:48:44","modified_gmt":"2019-10-23T16:48:44","slug":"terme-vigliatore-bobine-elettriche-in-fiamme","status":"publish","type":"post","link":"https:\/\/www.messinaoggi.it\/website\/2019\/10\/23\/terme-vigliatore-bobine-elettriche-in-fiamme\/","title":{"rendered":"Terme Vigliatore, bobine elettriche in fiamme"},"content":{"rendered":"<p style=\"text-align: justify;\">Pomeriggio di apprensione a Terme Vigliatore per l&#8217;improvviso incendio di alcune bobine elettriche. Il rogo \u00e8 divampato nel piazzale del cantiere dell&#8217;Edil scavi. In fiamme maxi bobine a cui sono avvolti cavi elettrici per uso industriale, essendo l&#8217;impresa tra le maggiori in Italia impegnate in grandi opere pubbliche, dall&#8217;alta velocit\u00e0 al passante ferroviario dell&#8217;area metropolitana di Palermo fino alla realizzazione di campi nel settore del fotovoltaico.<div id=\"div-gpt-ad-Messinaoggi.it-DSK-300x250-corpoart\" style=\"text-align:center;margin:0 auto;\"><\/div><\/p>\n<p style=\"text-align: justify;\">Sul posto sono state impegnate le squadre vigili del fuoco dei distaccamenti di Milazzo, Patti e Villafranca Tirrena.<div id=\"videoincontent\" style=\"clear:both\";><\/div><\/p>\n<p><img loading=\"lazy\" class=\"size-medium wp-image-37869 alignright\" src=\"https:\/\/www.messinaoggi.it\/website\/wp-content\/uploads\/2019\/10\/ED036623-EBD2-4C24-8C4D-DA45AC9B38E9-300x225.jpeg\" alt=\"\" width=\"300\" height=\"225\" \/><\/p>\n<p style=\"text-align: justify;\">Una densa colonna di fumo nero si \u00e8 levata per diversi metri ed \u00e8 stata visibile per chilometri. Il rogo \u00e8 stato domato intorno alle 18,30.<\/p>\n<p>Si sono registrati rallentamenti nella circolazione lungo l&#8217;A20 Messina-Palermo, in entrambe le direzioni di marcia.<br \/>\nLa situazione sta tornando alla normalit\u00e0 con l&#8217;intervento dei vigili del fuoco che lavorano da diverse ore per avere ragione delle fiamme, tenendo sotto controllo l&#8217;eventuale formazione di possibili focolai.<\/p>\n","protected":false},"excerpt":{"rendered":"<p>Pomeriggio di apprensione a Terme Vigliatore per l&#8217;improvviso incendio di alcune bobine elettriche. Il rogo \u00e8 divampato nel piazzale del cantiere dell&#8217;Edil scavi. In fiamme maxi bobine a cui sono avvolti cavi elettrici per uso industriale, essendo l&#8217;impresa tra le maggiori in Italia impegnate in grandi opere pubbliche, dall&#8217;alta velocit\u00e0 al passante ferroviario dell&#8217;area metropolitana [&hellip;]<\/p>\n","protected":false},"author":4,"featured_media":37875,"comment_status":"closed","ping_status":"open","sticky":false,"template":"","format":"standard","meta":{"ub_ctt_via":"","_mi_skip_tracking":false},"categories":[19],"tags":[],"featured_image_src":"https:\/\/www.messinaoggi.it\/website\/wp-content\/uploads\/2019\/10\/IMG-20191023-WA0064.jpg","author_info":{"display_name":"redme","author_link":"https:\/\/www.messinaoggi.it\/website\/author\/redme\/"},"digistream_id":0,"digistream":false,"_links":{"self":[{"href":"https:\/\/www.messinaoggi.it\/website\/wp-json\/wp\/v2\/posts\/37874"}],"collection":[{"href":"https:\/\/www.messinaoggi.it\/website\/wp-json\/wp\/v2\/posts"}],"about":[{"href":"https:\/\/www.messinaoggi.it\/website\/wp-json\/wp\/v2\/types\/post"}],"author":[{"embeddable":true,"href":"https:\/\/www.messinaoggi.it\/website\/wp-json\/wp\/v2\/users\/4"}],"replies":[{"embeddable":true,"href":"https:\/\/www.messinaoggi.it\/website\/wp-json\/wp\/v2\/comments?post=37874"}],"version-history":[{"count":0,"href":"https:\/\/www.messinaoggi.it\/website\/wp-json\/wp\/v2\/posts\/37874\/revisions"}],"wp:featuredmedia":[{"embeddable":true,"href":"https:\/\/www.messinaoggi.it\/website\/wp-json\/wp\/v2\/media\/37875"}],"wp:attachment":[{"href":"https:\/\/www.messinaoggi.it\/website\/wp-json\/wp\/v2\/media?parent=37874"}],"wp:term":[{"taxonomy":"category","embeddable":true,"href":"https:\/\/www.messinaoggi.it\/website\/wp-json\/wp\/v2\/categories?post=37874"},{"taxonomy":"post_tag","embeddable":true,"href":"https:\/\/www.messinaoggi.it\/website\/wp-json\/wp\/v2\/tags?post=37874"}],"curies":[{"name":"wp","href":"https:\/\/api.w.org\/{rel}","templated":true}]}}