{"id":37855,"date":"2019-10-23T09:41:53","date_gmt":"2019-10-23T07:41:53","guid":{"rendered":"https:\/\/www.messinaoggi.it\/website\/?p=37855"},"modified":"2019-10-23T09:41:53","modified_gmt":"2019-10-23T07:41:53","slug":"bucalo-accende-i-riflettori-su-viale-dei-tigli-venerdi-consiglio-di-quartiere-con-lassessore-minutoli-per-lilluminazione","status":"publish","type":"post","link":"https:\/\/www.messinaoggi.it\/website\/2019\/10\/23\/bucalo-accende-i-riflettori-su-viale-dei-tigli-venerdi-consiglio-di-quartiere-con-lassessore-minutoli-per-lilluminazione\/","title":{"rendered":"Bucalo &quot;accende&quot; i riflettori su viale dei Tigli"},"content":{"rendered":"<p style=\"text-align: justify;\">Giovanni Bucalo, consigliere della V Circoscrizione ha chiesta che venga convocata una seduta di Consiglio con la presenza degli Assessori competenti, riguardo la risoluzione delle problematiche legate ai Piani di Lottizzazione; competenze per la definizione delle aree che creano disagi nella gestione di impianti e servizi per la cittadinanza.<div id=\"div-gpt-ad-Messinaoggi.it-DSK-300x250-corpoart\" style=\"text-align:center;margin:0 auto;\"><\/div><\/p>\n<p style=\"text-align: justify;\">Il consigliere fa riferimento alla Pubblica illuminazione di viale dei Tigli e delle zone con medesime situazioni.<div id=\"videoincontent\" style=\"clear:both\";><\/div><\/p>\n<p style=\"text-align: justify;\">La richiesta indirizzata al presidente Ivan Cut\u00e8 \u00e8 stata subito accolta e venerd\u00ec alle ore 13 l&#8217;annosa questione di viale dei Tigli sar\u00e0 affrontata nel corso di una seduta consiliare che vedr\u00e0 la partecipazione dell&#8217;assessore Minutoli.<\/p>\n","protected":false},"excerpt":{"rendered":"<p>Giovanni Bucalo, consigliere della V Circoscrizione ha chiesta che venga convocata una seduta di Consiglio con la presenza degli Assessori competenti, riguardo la risoluzione delle problematiche legate ai Piani di Lottizzazione; competenze per la definizione delle aree che creano disagi nella gestione di impianti e servizi per la cittadinanza. Il consigliere fa riferimento alla Pubblica [&hellip;]<\/p>\n","protected":false},"author":2,"featured_media":14366,"comment_status":"closed","ping_status":"open","sticky":false,"template":"","format":"standard","meta":{"ub_ctt_via":"","_mi_skip_tracking":false},"categories":[4],"tags":[],"featured_image_src":"https:\/\/www.messinaoggi.it\/website\/wp-content\/uploads\/2018\/01\/FOTO_PER_ARTICOLO_GIOVANNI-1.jpg","author_info":{"display_name":"Redazione","author_link":"https:\/\/www.messinaoggi.it\/website\/author\/redazione\/"},"digistream_id":0,"digistream":false,"_links":{"self":[{"href":"https:\/\/www.messinaoggi.it\/website\/wp-json\/wp\/v2\/posts\/37855"}],"collection":[{"href":"https:\/\/www.messinaoggi.it\/website\/wp-json\/wp\/v2\/posts"}],"about":[{"href":"https:\/\/www.messinaoggi.it\/website\/wp-json\/wp\/v2\/types\/post"}],"author":[{"embeddable":true,"href":"https:\/\/www.messinaoggi.it\/website\/wp-json\/wp\/v2\/users\/2"}],"replies":[{"embeddable":true,"href":"https:\/\/www.messinaoggi.it\/website\/wp-json\/wp\/v2\/comments?post=37855"}],"version-history":[{"count":0,"href":"https:\/\/www.messinaoggi.it\/website\/wp-json\/wp\/v2\/posts\/37855\/revisions"}],"wp:featuredmedia":[{"embeddable":true,"href":"https:\/\/www.messinaoggi.it\/website\/wp-json\/wp\/v2\/media\/14366"}],"wp:attachment":[{"href":"https:\/\/www.messinaoggi.it\/website\/wp-json\/wp\/v2\/media?parent=37855"}],"wp:term":[{"taxonomy":"category","embeddable":true,"href":"https:\/\/www.messinaoggi.it\/website\/wp-json\/wp\/v2\/categories?post=37855"},{"taxonomy":"post_tag","embeddable":true,"href":"https:\/\/www.messinaoggi.it\/website\/wp-json\/wp\/v2\/tags?post=37855"}],"curies":[{"name":"wp","href":"https:\/\/api.w.org\/{rel}","templated":true}]}}