{"id":37787,"date":"2019-10-19T10:44:30","date_gmt":"2019-10-19T08:44:30","guid":{"rendered":"https:\/\/www.messinaoggi.it\/website\/?p=37787"},"modified":"2019-10-19T10:44:30","modified_gmt":"2019-10-19T08:44:30","slug":"agenda-2030-navarra-investire-sui-giovani-per-migliorare-il-paese","status":"publish","type":"post","link":"https:\/\/www.messinaoggi.it\/website\/2019\/10\/19\/agenda-2030-navarra-investire-sui-giovani-per-migliorare-il-paese\/","title":{"rendered":"Agenda 2030, Navarra: &quot;Investire sui giovani per migliorare il Paese&quot;"},"content":{"rendered":"<p>\u201c<em>Qualsiasi Paese che vuole mantenere gli impegni sull&#8217;agenda 2030 sulla sostenibilit\u00e0 deve investire sulla persona, perch\u00e9 l&#8217;individuo \u00e8 il principale motore per garantirla in qualsiasi processo di sviluppo economico sociale e ambientale<\/em>\u201d. Lo ha dichiarato alla Dire il deputato dem Pietro Navarra intervenuto ieri a Messina al dibattito \u201cObiettivo 2030, quali prospettive per il Paese\u201d, promosso in occasione del 25esimo congresso nazionale di Aiga, l&#8217;Associazione italiana giovani avvocati. \u201c<em>Mi auguro<\/em> &#8211; ha aggiunto il deputato &#8211; <em>che nel futuro si cambi rotta, puntando sulla persona, sull&#8217;uomo e soprattutto sui giovani per garantire ai giovani stessi al nostro Paese un futuro migliore<\/em>\u201d.<br \/>\n\u201c<em>Ho avuto modo di relazionarmi con molte generazioni di giovani che poi hanno intrapreso l&#8217;attivit\u00e0 forense,<\/em> &#8211; prosegue l&#8217;ex rettore dell&#8217;Universit\u00e0 di Messina &#8211;<em> riscontrando sempre in loro una grande voglia di scommettere su se stessi. Ecco perch\u00e9 vanno sollecitati per chiedere un contributo che possa garantire alla societ\u00e0 in cui viviamo regole pi\u00f9 armoniose e meno conflittuali. L&#8217;investimento nella giustizia \u00e8 diretto proprio alle regole che determinano il vivere civile nelle nostre citt\u00e0<\/em>\u201d.<div id=\"div-gpt-ad-Messinaoggi.it-DSK-300x250-corpoart\" style=\"text-align:center;margin:0 auto;\"><\/div><\/p>\n<div id=\"videoincontent\" style=\"clear:both\";><\/div>","protected":false},"excerpt":{"rendered":"<p>\u201cQualsiasi Paese che vuole mantenere gli impegni sull&#8217;agenda 2030 sulla sostenibilit\u00e0 deve investire sulla persona, perch\u00e9 l&#8217;individuo \u00e8 il principale motore per garantirla in qualsiasi processo di sviluppo economico sociale e ambientale\u201d. Lo ha dichiarato alla Dire il deputato dem Pietro Navarra intervenuto ieri a Messina al dibattito \u201cObiettivo 2030, quali prospettive per il Paese\u201d, [&hellip;]<\/p>\n","protected":false},"author":8,"featured_media":15290,"comment_status":"closed","ping_status":"open","sticky":false,"template":"","format":"standard","meta":{"ub_ctt_via":"","_mi_skip_tracking":false},"categories":[4],"tags":[],"featured_image_src":"https:\/\/www.messinaoggi.it\/website\/wp-content\/uploads\/2018\/02\/navarra-N82A8454-1.jpg","author_info":{"display_name":"red..me","author_link":"https:\/\/www.messinaoggi.it\/website\/author\/redstage\/"},"digistream_id":0,"digistream":false,"_links":{"self":[{"href":"https:\/\/www.messinaoggi.it\/website\/wp-json\/wp\/v2\/posts\/37787"}],"collection":[{"href":"https:\/\/www.messinaoggi.it\/website\/wp-json\/wp\/v2\/posts"}],"about":[{"href":"https:\/\/www.messinaoggi.it\/website\/wp-json\/wp\/v2\/types\/post"}],"author":[{"embeddable":true,"href":"https:\/\/www.messinaoggi.it\/website\/wp-json\/wp\/v2\/users\/8"}],"replies":[{"embeddable":true,"href":"https:\/\/www.messinaoggi.it\/website\/wp-json\/wp\/v2\/comments?post=37787"}],"version-history":[{"count":0,"href":"https:\/\/www.messinaoggi.it\/website\/wp-json\/wp\/v2\/posts\/37787\/revisions"}],"wp:featuredmedia":[{"embeddable":true,"href":"https:\/\/www.messinaoggi.it\/website\/wp-json\/wp\/v2\/media\/15290"}],"wp:attachment":[{"href":"https:\/\/www.messinaoggi.it\/website\/wp-json\/wp\/v2\/media?parent=37787"}],"wp:term":[{"taxonomy":"category","embeddable":true,"href":"https:\/\/www.messinaoggi.it\/website\/wp-json\/wp\/v2\/categories?post=37787"},{"taxonomy":"post_tag","embeddable":true,"href":"https:\/\/www.messinaoggi.it\/website\/wp-json\/wp\/v2\/tags?post=37787"}],"curies":[{"name":"wp","href":"https:\/\/api.w.org\/{rel}","templated":true}]}}